{"id":10477,"date":"2025-08-28T16:13:06","date_gmt":"2025-08-28T14:13:06","guid":{"rendered":"https:\/\/www.tourisme-volvestre.fr\/the-journees-europeennes-du-patrimoine\/"},"modified":"2025-09-03T16:06:09","modified_gmt":"2025-09-03T14:06:09","slug":"the-journees-europeennes-du-patrimoine","status":"publish","type":"post","link":"https:\/\/www.tourisme-volvestre.fr\/en\/the-journees-europeennes-du-patrimoine\/","title":{"rendered":"The Journ\u00e9es Europ\u00e9ennes du Patrimoine"},"content":{"rendered":"\n<figure class=\"wp-block-image aligncenter size-large is-style-rounded is-style-rounded--1\"><img decoding=\"async\" src=\"https:\/\/www.tourisme-volvestre.fr\/wp-content\/uploads\/2025\/08\/jep-1024x348.jpg\" alt=\"\" class=\"wp-image-10458\"\/><figcaption class=\"wp-element-caption\">Official poster for the Journ\u00e9es Europ\u00e9ennes du Patrimoine 2025 @Minist\u00e8redelaCulture<\/figcaption><\/figure>\n\n<h2 class=\"wp-block-heading has-text-align-center has-contrast-2-color has-base-2-background-color has-text-color has-background has-link-color wp-elements-5f500fa942d57309aae06ce7214ce3d6\" style=\"font-size:clamp(1.25rem, 1.25rem + ((1vw - 0.2rem) * 1.25), 2rem);\"><strong><strong>This year,<\/strong><\/strong> the <strong>Journ\u00e9es Europ\u00e9ennes du Patrimoine<\/strong><br\/><strong>will take place from September 19 to 21 !<\/strong><\/h2>\n\n<div class=\"wp-block-columns is-layout-flex wp-container-core-columns-is-layout-28f84493 wp-block-columns-is-layout-flex\">\n<div class=\"wp-block-column is-layout-flow wp-block-column-is-layout-flow\">\n<h3 class=\"wp-block-heading\" style=\"font-size:clamp(15.197px, 0.95rem + ((1vw - 3.2px) * 0.813), 23px);\">The theme of this 42nd edition is \u201cArchitectural Heritage\u201d<\/h3>\n\n\n\n<p>The 3 Communities of Communes of South Toulouse (the <a href=\"https:\/\/bassinauterivain-tourisme.com\/\" target=\"_blank\" rel=\"noreferrer noopener\">Bassin Auterivain<\/a>, <a href=\"https:\/\/tourismecoeurdegaronne.com\/\" target=\"_blank\" rel=\"noreferrer noopener\">C\u0153ur de Garonne<\/a> and Volvestre) have joined forces to offer you a program of getaways near Toulouse as part of the European Heritage Days. <br\/><br\/><\/p>\n<\/div>\n\n\n\n<div class=\"wp-block-column is-layout-flow wp-block-column-is-layout-flow\">\n<figure class=\"wp-block-image aligncenter size-large is-style-rounded is-style-rounded--2\"><img loading=\"lazy\" decoding=\"async\" width=\"1024\" height=\"768\" src=\"https:\/\/www.tourisme-volvestre.fr\/wp-content\/uploads\/2025\/04\/mauzac_patrimoine_eglise_fleurs@leoarnoult-1024x768.jpeg\" alt=\"\" class=\"wp-image-1798\" style=\"aspect-ratio:1;object-fit:cover\" srcset=\"https:\/\/www.tourisme-volvestre.fr\/wp-content\/uploads\/2025\/04\/mauzac_patrimoine_eglise_fleurs@leoarnoult-1024x768.jpeg 1024w, https:\/\/www.tourisme-volvestre.fr\/wp-content\/uploads\/2025\/04\/mauzac_patrimoine_eglise_fleurs@leoarnoult-300x225.jpeg 300w, https:\/\/www.tourisme-volvestre.fr\/wp-content\/uploads\/2025\/04\/mauzac_patrimoine_eglise_fleurs@leoarnoult-768x576.jpeg 768w, https:\/\/www.tourisme-volvestre.fr\/wp-content\/uploads\/2025\/04\/mauzac_patrimoine_eglise_fleurs@leoarnoult.jpeg 1536w\" sizes=\"auto, (max-width: 1024px) 100vw, 1024px\" \/><figcaption class=\"wp-element-caption\">Church of Mauzac @L\u00e9oArnoult<\/figcaption><\/figure>\n<\/div>\n<\/div>\n\n<div class=\"wp-block-columns is-layout-flex wp-container-core-columns-is-layout-28f84493 wp-block-columns-is-layout-flex\">\n<div class=\"wp-block-column is-layout-flow wp-block-column-is-layout-flow\">\n<figure class=\"wp-block-image aligncenter size-large is-style-rounded is-style-rounded--3\"><img loading=\"lazy\" decoding=\"async\" width=\"683\" height=\"1024\" src=\"https:\/\/www.tourisme-volvestre.fr\/wp-content\/uploads\/2025\/05\/saintsulpicesurleze_moulindepesquies_fleurs_patrimoine@mariont-683x1024.jpg\" alt=\"\" class=\"wp-image-2139\" style=\"aspect-ratio:1;object-fit:cover\" srcset=\"https:\/\/www.tourisme-volvestre.fr\/wp-content\/uploads\/2025\/05\/saintsulpicesurleze_moulindepesquies_fleurs_patrimoine@mariont-683x1024.jpg 683w, https:\/\/www.tourisme-volvestre.fr\/wp-content\/uploads\/2025\/05\/saintsulpicesurleze_moulindepesquies_fleurs_patrimoine@mariont-200x300.jpg 200w, https:\/\/www.tourisme-volvestre.fr\/wp-content\/uploads\/2025\/05\/saintsulpicesurleze_moulindepesquies_fleurs_patrimoine@mariont-768x1152.jpg 768w, https:\/\/www.tourisme-volvestre.fr\/wp-content\/uploads\/2025\/05\/saintsulpicesurleze_moulindepesquies_fleurs_patrimoine@mariont-1024x1536.jpg 1024w, https:\/\/www.tourisme-volvestre.fr\/wp-content\/uploads\/2025\/05\/saintsulpicesurleze_moulindepesquies_fleurs_patrimoine@mariont-1365x2048.jpg 1365w, https:\/\/www.tourisme-volvestre.fr\/wp-content\/uploads\/2025\/05\/saintsulpicesurleze_moulindepesquies_fleurs_patrimoine@mariont-scaled.jpg 1707w\" sizes=\"auto, (max-width: 683px) 100vw, 683px\" \/><figcaption class=\"wp-element-caption\">Pesqui\u00e8s Mill in Saint-Sulpice-sur-L\u00e8ze @OTIduVolvestre<\/figcaption><\/figure>\n<\/div>\n\n\n\n<div class=\"wp-block-column is-layout-flow wp-block-column-is-layout-flow\">\n<h3 class=\"wp-block-heading\" style=\"font-size:clamp(15.197px, 0.95rem + ((1vw - 3.2px) * 0.813), 23px);\">An interesting program !<\/h3>\n\n\n\n<p>This weekend, we&#8217;re offering you some getaway ideas to (re)discover the Volvestre and its architectural heritage. <br\/><br\/>Come explore the Volvestre region and discover our charming towns and villages : <\/p>\n\n\n\n<ul class=\"wp-block-list\">\n<li>Carbonne <\/li>\n\n\n\n<li>Longages <\/li>\n\n\n\n<li>Mailholas <\/li>\n\n\n\n<li>Mauzac <\/li>\n\n\n\n<li>Montbrun-Bocage <\/li>\n\n\n\n<li>Montesquieu-Volvestre <\/li>\n\n\n\n<li>Rieux-Volvestre <\/li>\n\n\n\n<li>Saint-Sulpice-sur-L\u00e8ze <\/li>\n<\/ul>\n<\/div>\n<\/div>\n\n<div class=\"wp-block-group has-contrast-2-background-color has-background has-global-padding is-layout-constrained wp-container-core-group-is-layout-80fb368b wp-block-group-is-layout-constrained\" style=\"border-radius:15px;padding-top:var(--wp--preset--spacing--30);padding-right:var(--wp--preset--spacing--30);padding-bottom:var(--wp--preset--spacing--30);padding-left:var(--wp--preset--spacing--30);background-image:url(&apos;https:\/\/www.volvestre.fr\/wp-content\/uploads\/2024\/09\/Vectorpour-fond-bleu.png&apos;);background-position:100% 0%;background-repeat:no-repeat;background-size:150px;\">\n<div class=\"wp-block-columns is-layout-flex wp-container-core-columns-is-layout-28f84493 wp-block-columns-is-layout-flex\">\n<div class=\"wp-block-column is-vertically-aligned-center is-layout-flow wp-block-column-is-layout-flow\">\n<h2 class=\"wp-block-heading has-text-align-center has-base-2-color has-text-color has-link-color has-large-font-size wp-elements-083efdb0820d33c243277016f28df39e\">The 2025 program<\/h2>\n\n\n\n<p class=\"has-text-align-center\"><mark style=\"background-color:rgba(0, 0, 0, 0);color:#ffffff\" class=\"has-inline-color\">Heritage lovers, find what you&#8217;re looking for in this booklet.<\/mark> <\/p>\n\n\n\n<div class=\"wp-block-buttons is-content-justification-center is-layout-flex wp-container-core-buttons-is-layout-a89b3969 wp-block-buttons-is-layout-flex\">\n<div class=\"wp-block-button is-style-fill\"><a class=\"wp-block-button__link has-contrast-2-color has-base-2-background-color has-text-color has-background has-link-color has-text-align-center wp-element-button\" href=\"https:\/\/www.calameo.com\/read\/00711185307fb4223bfdc\" target=\"_blank\" rel=\"noreferrer noopener\">Discover the program<\/a><\/div>\n<\/div>\n\n\n\n<p class=\"has-text-align-center has-base-2-color has-text-color has-link-color wp-elements-2a3853c293aaae102d590a0f21880465\">For more information : <br\/>\ud83d\udcde 05 61 87 63 33<br\/>\ud83d\udce7 officetourisme@cc-volvestre.fr <\/p>\n<\/div>\n\n\n\n<div class=\"wp-block-column is-vertically-aligned-top is-layout-flow wp-block-column-is-layout-flow\">\n<figure class=\"wp-block-image aligncenter size-large is-resized is-style-rounded is-style-rounded--4\"><img loading=\"lazy\" decoding=\"async\" width=\"725\" height=\"1024\" src=\"https:\/\/www.tourisme-volvestre.fr\/wp-content\/uploads\/2025\/08\/Affiche-A4_page-0001-725x1024.jpg\" alt=\"\" class=\"wp-image-10463\" style=\"width:321px;height:auto\" srcset=\"https:\/\/www.tourisme-volvestre.fr\/wp-content\/uploads\/2025\/08\/Affiche-A4_page-0001-725x1024.jpg 725w, https:\/\/www.tourisme-volvestre.fr\/wp-content\/uploads\/2025\/08\/Affiche-A4_page-0001-212x300.jpg 212w, https:\/\/www.tourisme-volvestre.fr\/wp-content\/uploads\/2025\/08\/Affiche-A4_page-0001-768x1085.jpg 768w, https:\/\/www.tourisme-volvestre.fr\/wp-content\/uploads\/2025\/08\/Affiche-A4_page-0001-1087x1536.jpg 1087w, https:\/\/www.tourisme-volvestre.fr\/wp-content\/uploads\/2025\/08\/Affiche-A4_page-0001.jpg 1241w\" sizes=\"auto, (max-width: 725px) 100vw, 725px\" \/><figcaption class=\"wp-element-caption\">Oficial poster JEP 2025 @Minist\u00e8redelaCulture<\/figcaption><\/figure>\n<\/div>\n<\/div>\n<\/div>\n\n<div class=\"wp-block-group alignfull has-accent-4-background-color has-background has-global-padding is-layout-constrained wp-container-core-group-is-layout-ed5e8923 wp-block-group-is-layout-constrained\" style=\"margin-top:var(--wp--preset--spacing--20);margin-bottom:0;padding-top:var(--wp--preset--spacing--20);padding-right:var(--wp--preset--spacing--20);padding-bottom:var(--wp--preset--spacing--20);padding-left:var(--wp--preset--spacing--20)\">\n<div class=\"wp-block-group has-global-padding is-layout-constrained wp-container-core-group-is-layout-c385debf wp-block-group-is-layout-constrained\" style=\"padding-top:var(--wp--preset--spacing--20);padding-right:var(--wp--preset--spacing--20);padding-bottom:var(--wp--preset--spacing--20);padding-left:var(--wp--preset--spacing--20)\">\n<h2 class=\"wp-block-heading has-text-align-center\">you may<mark style=\"background-color:rgba(0, 0, 0, 0);color:#1d1d1b\" class=\"has-inline-color\"> also<\/mark> like&#8230; <img loading=\"lazy\" decoding=\"async\" width=\"95\" height=\"81\" class=\"wp-image-586\" style=\"width: 95px;\" src=\"https:\/\/www.tourisme-volvestre.fr\/wp-content\/uploads\/2025\/02\/Group-36.png\" alt=\"\"\/><\/h2>\n\n\n\n<div class=\"wp-block-group has-global-padding is-layout-constrained wp-container-core-group-is-layout-c385debf wp-block-group-is-layout-constrained\" style=\"padding-top:var(--wp--preset--spacing--20);padding-right:var(--wp--preset--spacing--20);padding-bottom:var(--wp--preset--spacing--20);padding-left:var(--wp--preset--spacing--20)\">\n<div class=\"wp-block-columns is-layout-flex wp-container-core-columns-is-layout-28f84493 wp-block-columns-is-layout-flex\">\n<div class=\"wp-block-column is-layout-flow wp-block-column-is-layout-flow\">\n<figure class=\"wp-block-image aligncenter size-full has-custom-border\"><img loading=\"lazy\" decoding=\"async\" width=\"2560\" height=\"1920\" src=\"https:\/\/www.tourisme-volvestre.fr\/wp-content\/uploads\/2025\/04\/montbrunbocage_eglise_halle_patrimoine@sergeimbert-5-scaled.jpg\" alt=\"\" class=\"wp-image-1836\" style=\"border-radius:25px;aspect-ratio:1;object-fit:cover\" srcset=\"https:\/\/www.tourisme-volvestre.fr\/wp-content\/uploads\/2025\/04\/montbrunbocage_eglise_halle_patrimoine@sergeimbert-5-scaled.jpg 2560w, https:\/\/www.tourisme-volvestre.fr\/wp-content\/uploads\/2025\/04\/montbrunbocage_eglise_halle_patrimoine@sergeimbert-5-300x225.jpg 300w, https:\/\/www.tourisme-volvestre.fr\/wp-content\/uploads\/2025\/04\/montbrunbocage_eglise_halle_patrimoine@sergeimbert-5-1024x768.jpg 1024w, https:\/\/www.tourisme-volvestre.fr\/wp-content\/uploads\/2025\/04\/montbrunbocage_eglise_halle_patrimoine@sergeimbert-5-768x576.jpg 768w, https:\/\/www.tourisme-volvestre.fr\/wp-content\/uploads\/2025\/04\/montbrunbocage_eglise_halle_patrimoine@sergeimbert-5-1536x1152.jpg 1536w, https:\/\/www.tourisme-volvestre.fr\/wp-content\/uploads\/2025\/04\/montbrunbocage_eglise_halle_patrimoine@sergeimbert-5-2048x1536.jpg 2048w\" sizes=\"auto, (max-width: 2560px) 100vw, 2560px\" \/><figcaption class=\"wp-element-caption\">Montbrun-Bocage @SergeImbert<\/figcaption><\/figure>\n\n\n\n<div class=\"wp-block-buttons is-content-justification-center is-layout-flex wp-container-core-buttons-is-layout-a89b3969 wp-block-buttons-is-layout-flex\">\n<div class=\"wp-block-button\"><a class=\"wp-block-button__link wp-element-button\" href=\"https:\/\/www.tourisme-volvestre.fr\/our-heritage\/?lang=en\">Our heritage<\/a><\/div>\n<\/div>\n<\/div>\n\n\n\n<div class=\"wp-block-column is-layout-flow wp-block-column-is-layout-flow\">\n<figure class=\"wp-block-image aligncenter size-full has-custom-border\"><img loading=\"lazy\" decoding=\"async\" width=\"2560\" height=\"1709\" src=\"https:\/\/www.tourisme-volvestre.fr\/wp-content\/uploads\/2025\/04\/montesquieuvolvestre_paysage_eglisesaintvictor_pri@pierrehonore-1-1-scaled.jpg\" alt=\"\" class=\"wp-image-1398\" style=\"border-radius:25px;aspect-ratio:1;object-fit:cover\" srcset=\"https:\/\/www.tourisme-volvestre.fr\/wp-content\/uploads\/2025\/04\/montesquieuvolvestre_paysage_eglisesaintvictor_pri@pierrehonore-1-1-scaled.jpg 2560w, https:\/\/www.tourisme-volvestre.fr\/wp-content\/uploads\/2025\/04\/montesquieuvolvestre_paysage_eglisesaintvictor_pri@pierrehonore-1-1-300x200.jpg 300w, https:\/\/www.tourisme-volvestre.fr\/wp-content\/uploads\/2025\/04\/montesquieuvolvestre_paysage_eglisesaintvictor_pri@pierrehonore-1-1-1024x683.jpg 1024w, https:\/\/www.tourisme-volvestre.fr\/wp-content\/uploads\/2025\/04\/montesquieuvolvestre_paysage_eglisesaintvictor_pri@pierrehonore-1-1-768x513.jpg 768w, https:\/\/www.tourisme-volvestre.fr\/wp-content\/uploads\/2025\/04\/montesquieuvolvestre_paysage_eglisesaintvictor_pri@pierrehonore-1-1-1536x1025.jpg 1536w\" sizes=\"auto, (max-width: 2560px) 100vw, 2560px\" \/><figcaption class=\"wp-element-caption\">Montesquieu-Volvestre @PierreHonor\u00e9<\/figcaption><\/figure>\n\n\n\n<div class=\"wp-block-buttons is-content-justification-center is-layout-flex wp-container-core-buttons-is-layout-a89b3969 wp-block-buttons-is-layout-flex\">\n<div class=\"wp-block-button\"><a class=\"wp-block-button__link wp-element-button\" href=\"https:\/\/www.tourisme-volvestre.fr\/our-towns-and-villages-in-volvestre\/?lang=en\">Our towns and villages<\/a><\/div>\n<\/div>\n<\/div>\n\n\n\n<div class=\"wp-block-column is-layout-flow wp-block-column-is-layout-flow\">\n<figure class=\"wp-block-image aligncenter size-full has-custom-border\"><a href=\"https:\/\/www.calameo.com\/read\/0071118533cad153e767b\"><img loading=\"lazy\" decoding=\"async\" width=\"639\" height=\"913\" src=\"https:\/\/www.tourisme-volvestre.fr\/wp-content\/uploads\/2025\/05\/couv-sssl.jpg\" alt=\"\" class=\"wp-image-2206\" style=\"border-radius:25px;aspect-ratio:1;object-fit:cover\" srcset=\"https:\/\/www.tourisme-volvestre.fr\/wp-content\/uploads\/2025\/05\/couv-sssl.jpg 639w, https:\/\/www.tourisme-volvestre.fr\/wp-content\/uploads\/2025\/05\/couv-sssl-210x300.jpg 210w\" sizes=\"auto, (max-width: 639px) 100vw, 639px\" \/><\/a><figcaption class=\"wp-element-caption\">City booklet<\/figcaption><\/figure>\n\n\n\n<div class=\"wp-block-buttons is-content-justification-center is-layout-flex wp-container-core-buttons-is-layout-a89b3969 wp-block-buttons-is-layout-flex\">\n<div class=\"wp-block-button\"><a class=\"wp-block-button__link wp-element-button\" href=\"https:\/\/www.tourisme-volvestre.fr\/our-tourist-brochures\/?lang=en\">Our brochures<\/a><\/div>\n<\/div>\n<\/div>\n<\/div>\n<\/div>\n<\/div>\n<\/div>\n","protected":false},"excerpt":{"rendered":"<p>This year, the Journ\u00e9es Europ\u00e9ennes du Patrimoinewill take place from September 19 to 21 ! The theme of this 42nd edition is \u201cArchitectural Heritage\u201d The 3 Communities of Communes of South Toulouse (the Bassin Auterivain, C\u0153ur de Garonne and Volvestre) have joined forces to offer you a program of getaways near Toulouse as part of [&hellip;]<\/p>\n","protected":false},"author":8,"featured_media":0,"comment_status":"closed","ping_status":"closed","sticky":false,"template":"","format":"standard","meta":{"_acf_changed":false,"inline_featured_image":false,"footnotes":""},"categories":[63,110],"tags":[],"class_list":["post-10477","post","type-post","status-publish","format-standard","hentry","category-heritage","category-news"],"acf":[],"yoast_head":"<!-- This site is optimized with the Yoast SEO plugin v27.3 - https:\/\/yoast.com\/product\/yoast-seo-wordpress\/ -->\n<title>The Journ\u00e9es Europ\u00e9ennes du Patrimoine - Volvestre Tourisme<\/title>\n<meta name=\"description\" content=\"Discover the Journ\u00e9es Europ\u00e9ennes du Patrimoine 2025 : in Volvestre, in the Bassin Auterivain and in the Coeur de Garonne.\" \/>\n<meta name=\"robots\" content=\"index, follow, max-snippet:-1, max-image-preview:large, max-video-preview:-1\" \/>\n<link rel=\"canonical\" href=\"https:\/\/www.tourisme-volvestre.fr\/en\/the-journees-europeennes-du-patrimoine\/\" \/>\n<meta property=\"og:locale\" content=\"en_US\" \/>\n<meta property=\"og:type\" content=\"article\" \/>\n<meta property=\"og:title\" content=\"The Journ\u00e9es Europ\u00e9ennes du Patrimoine - Volvestre Tourisme\" \/>\n<meta property=\"og:description\" content=\"Discover the Journ\u00e9es Europ\u00e9ennes du Patrimoine 2025 : in Volvestre, in the Bassin Auterivain and in the Coeur de Garonne.\" \/>\n<meta property=\"og:url\" content=\"https:\/\/www.tourisme-volvestre.fr\/en\/the-journees-europeennes-du-patrimoine\/\" \/>\n<meta property=\"og:site_name\" content=\"Volvestre Tourisme\" \/>\n<meta property=\"article:publisher\" content=\"https:\/\/www.facebook.com\/TourismeVolvestre\" \/>\n<meta property=\"article:published_time\" content=\"2025-08-28T14:13:06+00:00\" \/>\n<meta property=\"article:modified_time\" content=\"2025-09-03T14:06:09+00:00\" \/>\n<meta property=\"og:image\" content=\"https:\/\/www.tourisme-volvestre.fr\/wp-content\/uploads\/2025\/08\/jep.jpg\" \/>\n\t<meta property=\"og:image:width\" content=\"1440\" \/>\n\t<meta property=\"og:image:height\" content=\"490\" \/>\n\t<meta property=\"og:image:type\" content=\"image\/jpeg\" \/>\n<meta name=\"author\" content=\"Oc\u00e9ane BOSC\" \/>\n<meta name=\"twitter:card\" content=\"summary_large_image\" \/>\n<meta name=\"twitter:label1\" content=\"Written by\" \/>\n\t<meta name=\"twitter:data1\" content=\"Oc\u00e9ane BOSC\" \/>\n\t<meta name=\"twitter:label2\" content=\"Est. reading time\" \/>\n\t<meta name=\"twitter:data2\" content=\"1 minute\" \/>\n<script type=\"application\/ld+json\" class=\"yoast-schema-graph\">{\"@context\":\"https:\\\/\\\/schema.org\",\"@graph\":[{\"@type\":\"Article\",\"@id\":\"https:\\\/\\\/www.tourisme-volvestre.fr\\\/en\\\/the-journees-europeennes-du-patrimoine\\\/#article\",\"isPartOf\":{\"@id\":\"https:\\\/\\\/www.tourisme-volvestre.fr\\\/en\\\/the-journees-europeennes-du-patrimoine\\\/\"},\"author\":{\"name\":\"Oc\u00e9ane BOSC\",\"@id\":\"https:\\\/\\\/www.tourisme-volvestre.fr\\\/en\\\/#\\\/schema\\\/person\\\/b02d5e546bd6b4226a52a12e158e6c96\"},\"headline\":\"The Journ\u00e9es Europ\u00e9ennes du Patrimoine\",\"datePublished\":\"2025-08-28T14:13:06+00:00\",\"dateModified\":\"2025-09-03T14:06:09+00:00\",\"mainEntityOfPage\":{\"@id\":\"https:\\\/\\\/www.tourisme-volvestre.fr\\\/en\\\/the-journees-europeennes-du-patrimoine\\\/\"},\"wordCount\":177,\"publisher\":{\"@id\":\"https:\\\/\\\/www.tourisme-volvestre.fr\\\/en\\\/#organization\"},\"image\":{\"@id\":\"https:\\\/\\\/www.tourisme-volvestre.fr\\\/en\\\/the-journees-europeennes-du-patrimoine\\\/#primaryimage\"},\"thumbnailUrl\":\"https:\\\/\\\/www.tourisme-volvestre.fr\\\/wp-content\\\/uploads\\\/2025\\\/08\\\/jep-1024x348.jpg\",\"articleSection\":[\"Heritage\",\"News\"],\"inLanguage\":\"en-US\"},{\"@type\":\"WebPage\",\"@id\":\"https:\\\/\\\/www.tourisme-volvestre.fr\\\/en\\\/the-journees-europeennes-du-patrimoine\\\/\",\"url\":\"https:\\\/\\\/www.tourisme-volvestre.fr\\\/en\\\/the-journees-europeennes-du-patrimoine\\\/\",\"name\":\"The Journ\u00e9es Europ\u00e9ennes du Patrimoine - Volvestre Tourisme\",\"isPartOf\":{\"@id\":\"https:\\\/\\\/www.tourisme-volvestre.fr\\\/en\\\/#website\"},\"primaryImageOfPage\":{\"@id\":\"https:\\\/\\\/www.tourisme-volvestre.fr\\\/en\\\/the-journees-europeennes-du-patrimoine\\\/#primaryimage\"},\"image\":{\"@id\":\"https:\\\/\\\/www.tourisme-volvestre.fr\\\/en\\\/the-journees-europeennes-du-patrimoine\\\/#primaryimage\"},\"thumbnailUrl\":\"https:\\\/\\\/www.tourisme-volvestre.fr\\\/wp-content\\\/uploads\\\/2025\\\/08\\\/jep-1024x348.jpg\",\"datePublished\":\"2025-08-28T14:13:06+00:00\",\"dateModified\":\"2025-09-03T14:06:09+00:00\",\"description\":\"Discover the Journ\u00e9es Europ\u00e9ennes du Patrimoine 2025 : in Volvestre, in the Bassin Auterivain and in the Coeur de Garonne.\",\"breadcrumb\":{\"@id\":\"https:\\\/\\\/www.tourisme-volvestre.fr\\\/en\\\/the-journees-europeennes-du-patrimoine\\\/#breadcrumb\"},\"inLanguage\":\"en-US\",\"potentialAction\":[{\"@type\":\"ReadAction\",\"target\":[\"https:\\\/\\\/www.tourisme-volvestre.fr\\\/en\\\/the-journees-europeennes-du-patrimoine\\\/\"]}]},{\"@type\":\"ImageObject\",\"inLanguage\":\"en-US\",\"@id\":\"https:\\\/\\\/www.tourisme-volvestre.fr\\\/en\\\/the-journees-europeennes-du-patrimoine\\\/#primaryimage\",\"url\":\"https:\\\/\\\/www.tourisme-volvestre.fr\\\/wp-content\\\/uploads\\\/2025\\\/08\\\/jep-1024x348.jpg\",\"contentUrl\":\"https:\\\/\\\/www.tourisme-volvestre.fr\\\/wp-content\\\/uploads\\\/2025\\\/08\\\/jep-1024x348.jpg\"},{\"@type\":\"BreadcrumbList\",\"@id\":\"https:\\\/\\\/www.tourisme-volvestre.fr\\\/en\\\/the-journees-europeennes-du-patrimoine\\\/#breadcrumb\",\"itemListElement\":[{\"@type\":\"ListItem\",\"position\":1,\"name\":\"Accueil\",\"item\":\"https:\\\/\\\/www.tourisme-volvestre.fr\\\/en\\\/?lang=en\"},{\"@type\":\"ListItem\",\"position\":2,\"name\":\"Heritage\",\"item\":\"https:\\\/\\\/www.tourisme-volvestre.fr\\\/en\\\/category\\\/heritage\\\/\"},{\"@type\":\"ListItem\",\"position\":3,\"name\":\"The Journ\u00e9es Europ\u00e9ennes du Patrimoine\"}]},{\"@type\":\"WebSite\",\"@id\":\"https:\\\/\\\/www.tourisme-volvestre.fr\\\/en\\\/#website\",\"url\":\"https:\\\/\\\/www.tourisme-volvestre.fr\\\/en\\\/\",\"name\":\"Volvestre Tourisme\",\"description\":\"\",\"publisher\":{\"@id\":\"https:\\\/\\\/www.tourisme-volvestre.fr\\\/en\\\/#organization\"},\"alternateName\":\"OT Volvestre\",\"potentialAction\":[{\"@type\":\"SearchAction\",\"target\":{\"@type\":\"EntryPoint\",\"urlTemplate\":\"https:\\\/\\\/www.tourisme-volvestre.fr\\\/en\\\/?s={search_term_string}\"},\"query-input\":{\"@type\":\"PropertyValueSpecification\",\"valueRequired\":true,\"valueName\":\"search_term_string\"}}],\"inLanguage\":\"en-US\"},{\"@type\":\"Organization\",\"@id\":\"https:\\\/\\\/www.tourisme-volvestre.fr\\\/en\\\/#organization\",\"name\":\"Volvestre Tourisme\",\"url\":\"https:\\\/\\\/www.tourisme-volvestre.fr\\\/en\\\/\",\"logo\":{\"@type\":\"ImageObject\",\"inLanguage\":\"en-US\",\"@id\":\"https:\\\/\\\/www.tourisme-volvestre.fr\\\/en\\\/#\\\/schema\\\/logo\\\/image\\\/\",\"url\":\"https:\\\/\\\/www.tourisme-volvestre.fr\\\/wp-content\\\/uploads\\\/2025\\\/02\\\/logo-site.png\",\"contentUrl\":\"https:\\\/\\\/www.tourisme-volvestre.fr\\\/wp-content\\\/uploads\\\/2025\\\/02\\\/logo-site.png\",\"width\":152,\"height\":152,\"caption\":\"Volvestre Tourisme\"},\"image\":{\"@id\":\"https:\\\/\\\/www.tourisme-volvestre.fr\\\/en\\\/#\\\/schema\\\/logo\\\/image\\\/\"},\"sameAs\":[\"https:\\\/\\\/www.facebook.com\\\/TourismeVolvestre\",\"https:\\\/\\\/www.instagram.com\\\/tourismevolvestre\"]},{\"@type\":\"Person\",\"@id\":\"https:\\\/\\\/www.tourisme-volvestre.fr\\\/en\\\/#\\\/schema\\\/person\\\/b02d5e546bd6b4226a52a12e158e6c96\",\"name\":\"Oc\u00e9ane BOSC\",\"image\":{\"@type\":\"ImageObject\",\"inLanguage\":\"en-US\",\"@id\":\"https:\\\/\\\/secure.gravatar.com\\\/avatar\\\/043e8ec29120e506199de767e94b555eab870dd92a89970dc53c302ede32ccfc?s=96&d=mm&r=g\",\"url\":\"https:\\\/\\\/secure.gravatar.com\\\/avatar\\\/043e8ec29120e506199de767e94b555eab870dd92a89970dc53c302ede32ccfc?s=96&d=mm&r=g\",\"contentUrl\":\"https:\\\/\\\/secure.gravatar.com\\\/avatar\\\/043e8ec29120e506199de767e94b555eab870dd92a89970dc53c302ede32ccfc?s=96&d=mm&r=g\",\"caption\":\"Oc\u00e9ane BOSC\"}}]}<\/script>\n<!-- \/ Yoast SEO plugin. -->","yoast_head_json":{"title":"The Journ\u00e9es Europ\u00e9ennes du Patrimoine - Volvestre Tourisme","description":"Discover the Journ\u00e9es Europ\u00e9ennes du Patrimoine 2025 : in Volvestre, in the Bassin Auterivain and in the Coeur de Garonne.","robots":{"index":"index","follow":"follow","max-snippet":"max-snippet:-1","max-image-preview":"max-image-preview:large","max-video-preview":"max-video-preview:-1"},"canonical":"https:\/\/www.tourisme-volvestre.fr\/en\/the-journees-europeennes-du-patrimoine\/","og_locale":"en_US","og_type":"article","og_title":"The Journ\u00e9es Europ\u00e9ennes du Patrimoine - Volvestre Tourisme","og_description":"Discover the Journ\u00e9es Europ\u00e9ennes du Patrimoine 2025 : in Volvestre, in the Bassin Auterivain and in the Coeur de Garonne.","og_url":"https:\/\/www.tourisme-volvestre.fr\/en\/the-journees-europeennes-du-patrimoine\/","og_site_name":"Volvestre Tourisme","article_publisher":"https:\/\/www.facebook.com\/TourismeVolvestre","article_published_time":"2025-08-28T14:13:06+00:00","article_modified_time":"2025-09-03T14:06:09+00:00","og_image":[{"width":1440,"height":490,"url":"https:\/\/www.tourisme-volvestre.fr\/wp-content\/uploads\/2025\/08\/jep.jpg","type":"image\/jpeg"}],"author":"Oc\u00e9ane BOSC","twitter_card":"summary_large_image","twitter_misc":{"Written by":"Oc\u00e9ane BOSC","Est. reading time":"1 minute"},"schema":{"@context":"https:\/\/schema.org","@graph":[{"@type":"Article","@id":"https:\/\/www.tourisme-volvestre.fr\/en\/the-journees-europeennes-du-patrimoine\/#article","isPartOf":{"@id":"https:\/\/www.tourisme-volvestre.fr\/en\/the-journees-europeennes-du-patrimoine\/"},"author":{"name":"Oc\u00e9ane BOSC","@id":"https:\/\/www.tourisme-volvestre.fr\/en\/#\/schema\/person\/b02d5e546bd6b4226a52a12e158e6c96"},"headline":"The Journ\u00e9es Europ\u00e9ennes du Patrimoine","datePublished":"2025-08-28T14:13:06+00:00","dateModified":"2025-09-03T14:06:09+00:00","mainEntityOfPage":{"@id":"https:\/\/www.tourisme-volvestre.fr\/en\/the-journees-europeennes-du-patrimoine\/"},"wordCount":177,"publisher":{"@id":"https:\/\/www.tourisme-volvestre.fr\/en\/#organization"},"image":{"@id":"https:\/\/www.tourisme-volvestre.fr\/en\/the-journees-europeennes-du-patrimoine\/#primaryimage"},"thumbnailUrl":"https:\/\/www.tourisme-volvestre.fr\/wp-content\/uploads\/2025\/08\/jep-1024x348.jpg","articleSection":["Heritage","News"],"inLanguage":"en-US"},{"@type":"WebPage","@id":"https:\/\/www.tourisme-volvestre.fr\/en\/the-journees-europeennes-du-patrimoine\/","url":"https:\/\/www.tourisme-volvestre.fr\/en\/the-journees-europeennes-du-patrimoine\/","name":"The Journ\u00e9es Europ\u00e9ennes du Patrimoine - Volvestre Tourisme","isPartOf":{"@id":"https:\/\/www.tourisme-volvestre.fr\/en\/#website"},"primaryImageOfPage":{"@id":"https:\/\/www.tourisme-volvestre.fr\/en\/the-journees-europeennes-du-patrimoine\/#primaryimage"},"image":{"@id":"https:\/\/www.tourisme-volvestre.fr\/en\/the-journees-europeennes-du-patrimoine\/#primaryimage"},"thumbnailUrl":"https:\/\/www.tourisme-volvestre.fr\/wp-content\/uploads\/2025\/08\/jep-1024x348.jpg","datePublished":"2025-08-28T14:13:06+00:00","dateModified":"2025-09-03T14:06:09+00:00","description":"Discover the Journ\u00e9es Europ\u00e9ennes du Patrimoine 2025 : in Volvestre, in the Bassin Auterivain and in the Coeur de Garonne.","breadcrumb":{"@id":"https:\/\/www.tourisme-volvestre.fr\/en\/the-journees-europeennes-du-patrimoine\/#breadcrumb"},"inLanguage":"en-US","potentialAction":[{"@type":"ReadAction","target":["https:\/\/www.tourisme-volvestre.fr\/en\/the-journees-europeennes-du-patrimoine\/"]}]},{"@type":"ImageObject","inLanguage":"en-US","@id":"https:\/\/www.tourisme-volvestre.fr\/en\/the-journees-europeennes-du-patrimoine\/#primaryimage","url":"https:\/\/www.tourisme-volvestre.fr\/wp-content\/uploads\/2025\/08\/jep-1024x348.jpg","contentUrl":"https:\/\/www.tourisme-volvestre.fr\/wp-content\/uploads\/2025\/08\/jep-1024x348.jpg"},{"@type":"BreadcrumbList","@id":"https:\/\/www.tourisme-volvestre.fr\/en\/the-journees-europeennes-du-patrimoine\/#breadcrumb","itemListElement":[{"@type":"ListItem","position":1,"name":"Accueil","item":"https:\/\/www.tourisme-volvestre.fr\/en\/?lang=en"},{"@type":"ListItem","position":2,"name":"Heritage","item":"https:\/\/www.tourisme-volvestre.fr\/en\/category\/heritage\/"},{"@type":"ListItem","position":3,"name":"The Journ\u00e9es Europ\u00e9ennes du Patrimoine"}]},{"@type":"WebSite","@id":"https:\/\/www.tourisme-volvestre.fr\/en\/#website","url":"https:\/\/www.tourisme-volvestre.fr\/en\/","name":"Volvestre Tourisme","description":"","publisher":{"@id":"https:\/\/www.tourisme-volvestre.fr\/en\/#organization"},"alternateName":"OT Volvestre","potentialAction":[{"@type":"SearchAction","target":{"@type":"EntryPoint","urlTemplate":"https:\/\/www.tourisme-volvestre.fr\/en\/?s={search_term_string}"},"query-input":{"@type":"PropertyValueSpecification","valueRequired":true,"valueName":"search_term_string"}}],"inLanguage":"en-US"},{"@type":"Organization","@id":"https:\/\/www.tourisme-volvestre.fr\/en\/#organization","name":"Volvestre Tourisme","url":"https:\/\/www.tourisme-volvestre.fr\/en\/","logo":{"@type":"ImageObject","inLanguage":"en-US","@id":"https:\/\/www.tourisme-volvestre.fr\/en\/#\/schema\/logo\/image\/","url":"https:\/\/www.tourisme-volvestre.fr\/wp-content\/uploads\/2025\/02\/logo-site.png","contentUrl":"https:\/\/www.tourisme-volvestre.fr\/wp-content\/uploads\/2025\/02\/logo-site.png","width":152,"height":152,"caption":"Volvestre Tourisme"},"image":{"@id":"https:\/\/www.tourisme-volvestre.fr\/en\/#\/schema\/logo\/image\/"},"sameAs":["https:\/\/www.facebook.com\/TourismeVolvestre","https:\/\/www.instagram.com\/tourismevolvestre"]},{"@type":"Person","@id":"https:\/\/www.tourisme-volvestre.fr\/en\/#\/schema\/person\/b02d5e546bd6b4226a52a12e158e6c96","name":"Oc\u00e9ane BOSC","image":{"@type":"ImageObject","inLanguage":"en-US","@id":"https:\/\/secure.gravatar.com\/avatar\/043e8ec29120e506199de767e94b555eab870dd92a89970dc53c302ede32ccfc?s=96&d=mm&r=g","url":"https:\/\/secure.gravatar.com\/avatar\/043e8ec29120e506199de767e94b555eab870dd92a89970dc53c302ede32ccfc?s=96&d=mm&r=g","contentUrl":"https:\/\/secure.gravatar.com\/avatar\/043e8ec29120e506199de767e94b555eab870dd92a89970dc53c302ede32ccfc?s=96&d=mm&r=g","caption":"Oc\u00e9ane BOSC"}}]}},"_links":{"self":[{"href":"https:\/\/www.tourisme-volvestre.fr\/en\/wp-json\/wp\/v2\/posts\/10477","targetHints":{"allow":["GET"]}}],"collection":[{"href":"https:\/\/www.tourisme-volvestre.fr\/en\/wp-json\/wp\/v2\/posts"}],"about":[{"href":"https:\/\/www.tourisme-volvestre.fr\/en\/wp-json\/wp\/v2\/types\/post"}],"author":[{"embeddable":true,"href":"https:\/\/www.tourisme-volvestre.fr\/en\/wp-json\/wp\/v2\/users\/8"}],"replies":[{"embeddable":true,"href":"https:\/\/www.tourisme-volvestre.fr\/en\/wp-json\/wp\/v2\/comments?post=10477"}],"version-history":[{"count":2,"href":"https:\/\/www.tourisme-volvestre.fr\/en\/wp-json\/wp\/v2\/posts\/10477\/revisions"}],"predecessor-version":[{"id":10668,"href":"https:\/\/www.tourisme-volvestre.fr\/en\/wp-json\/wp\/v2\/posts\/10477\/revisions\/10668"}],"wp:attachment":[{"href":"https:\/\/www.tourisme-volvestre.fr\/en\/wp-json\/wp\/v2\/media?parent=10477"}],"wp:term":[{"taxonomy":"category","embeddable":true,"href":"https:\/\/www.tourisme-volvestre.fr\/en\/wp-json\/wp\/v2\/categories?post=10477"},{"taxonomy":"post_tag","embeddable":true,"href":"https:\/\/www.tourisme-volvestre.fr\/en\/wp-json\/wp\/v2\/tags?post=10477"}],"curies":[{"name":"wp","href":"https:\/\/api.w.org\/{rel}","templated":true}]}}