{"id":8633,"date":"2025-06-28T17:13:15","date_gmt":"2025-06-28T15:13:15","guid":{"rendered":"https:\/\/www.tourisme-volvestre.fr\/podcast-histoire-histoires-by-gabriel-tamalet\/"},"modified":"2025-08-12T16:11:39","modified_gmt":"2025-08-12T14:11:39","slug":"podcast-histoire-histoires-by-gabriel-tamalet","status":"publish","type":"post","link":"https:\/\/www.tourisme-volvestre.fr\/en\/podcast-histoire-histoires-by-gabriel-tamalet\/","title":{"rendered":"Podcast &#8220;Histoire &#8211; Histoires&#8221; by Gabriel Tamalet"},"content":{"rendered":"\n<div class=\"wp-block-columns is-layout-flex wp-container-core-columns-is-layout-28f84493 wp-block-columns-is-layout-flex\">\n<div class=\"wp-block-column is-layout-flow wp-block-column-is-layout-flow\">\n<h2 class=\"wp-block-heading has-text-align-center\" style=\"font-size:clamp(1.403rem, 1.403rem + ((1vw - 0.2rem) * 1.495), 2.3rem);\">Discover Volvestre in a different way!<\/h2>\n\n\n\n<figure class=\"wp-block-image aligncenter size-full is-resized is-style-rounded is-style-rounded--1\"><img loading=\"lazy\" decoding=\"async\" width=\"1200\" height=\"675\" src=\"https:\/\/www.tourisme-volvestre.fr\/wp-content\/uploads\/2025\/03\/Histoire-histoires__5_-_1_-2.jpg\" alt=\"\" class=\"wp-image-1452\" style=\"width:862px;height:auto\" srcset=\"https:\/\/www.tourisme-volvestre.fr\/wp-content\/uploads\/2025\/03\/Histoire-histoires__5_-_1_-2.jpg 1200w, https:\/\/www.tourisme-volvestre.fr\/wp-content\/uploads\/2025\/03\/Histoire-histoires__5_-_1_-2-300x169.jpg 300w, https:\/\/www.tourisme-volvestre.fr\/wp-content\/uploads\/2025\/03\/Histoire-histoires__5_-_1_-2-1024x576.jpg 1024w, https:\/\/www.tourisme-volvestre.fr\/wp-content\/uploads\/2025\/03\/Histoire-histoires__5_-_1_-2-768x432.jpg 768w\" sizes=\"auto, (max-width: 1200px) 100vw, 1200px\" \/><figcaption class=\"wp-element-caption\">Gabriel Tamalet @OTIduVolvestre<\/figcaption><\/figure>\n<\/div>\n<\/div>\n\n<div class=\"wp-block-columns is-layout-flex wp-container-core-columns-is-layout-28f84493 wp-block-columns-is-layout-flex\">\n<div class=\"wp-block-column is-layout-flow wp-block-column-is-layout-flow\">\n<h2 class=\"wp-block-heading has-text-align-center\" style=\"font-size:clamp(1.403rem, 1.403rem + ((1vw - 0.2rem) * 1.495), 2.3rem);\"><strong>A storytelling journey in 10 podcasts<\/strong><\/h2>\n\n\n\n<p class=\"has-text-align-center has-medium-font-size\" style=\"font-style:normal;font-weight:400\">The Volvestre Intercommunal Tourist Office, the Volvestre Community of Communes and Gabriel Tamalet, storyteller, musician and actor, announce you the launch of &#8220;Histoire-Histoires&#8230;&#8221;. Gabriel offers you a series of new podcasts that invite you to explore Volvestre in a new light. <br\/><br\/>Discover an unique territory with these storytelling which are divided into 10 episodes: Bois-de-la-Pierre, Carbonne, Les \u00e9toiles du Volvestre, Les rivi\u00e8res du Volvestre, Longages, Mailholas, Montbrun-Bocage, Montesquieu-Volvestre, Rieux-Volvestre and Saint-Sulpice-sur-L\u00e8ze.<br\/><br\/>Gabriel Tamalet invites you to immersing you in the stories, places and memories that make Volvestre a vibrant and lively place. \u201cHistoire-Histoires\u201d explores memories and serving as a link between the past, present and future. <\/p>\n\n\n\n<div class=\"wp-block-columns is-layout-flex wp-container-core-columns-is-layout-28f84493 wp-block-columns-is-layout-flex\">\n<div class=\"wp-block-column is-layout-flow wp-block-column-is-layout-flow\">\n<figure class=\"wp-block-image size-large\"><img loading=\"lazy\" decoding=\"async\" width=\"1024\" height=\"1024\" src=\"https:\/\/www.tourisme-volvestre.fr\/wp-content\/uploads\/2025\/03\/Bois-de-la-Pierre-1024x1024.jpg\" alt=\"\" class=\"wp-image-1455\" srcset=\"https:\/\/www.tourisme-volvestre.fr\/wp-content\/uploads\/2025\/03\/Bois-de-la-Pierre-1024x1024.jpg 1024w, https:\/\/www.tourisme-volvestre.fr\/wp-content\/uploads\/2025\/03\/Bois-de-la-Pierre-300x300.jpg 300w, https:\/\/www.tourisme-volvestre.fr\/wp-content\/uploads\/2025\/03\/Bois-de-la-Pierre-150x150.jpg 150w, https:\/\/www.tourisme-volvestre.fr\/wp-content\/uploads\/2025\/03\/Bois-de-la-Pierre-768x768.jpg 768w, https:\/\/www.tourisme-volvestre.fr\/wp-content\/uploads\/2025\/03\/Bois-de-la-Pierre.jpg 1080w\" sizes=\"auto, (max-width: 1024px) 100vw, 1024px\" \/><\/figure>\n<\/div>\n\n\n\n<div class=\"wp-block-column is-layout-flow wp-block-column-is-layout-flow\">\n<figure class=\"wp-block-image size-large\"><img loading=\"lazy\" decoding=\"async\" width=\"1024\" height=\"1024\" src=\"https:\/\/www.tourisme-volvestre.fr\/wp-content\/uploads\/2025\/03\/Carbonne-la-terrasse-a-tire-daile-1024x1024.jpg\" alt=\"\" class=\"wp-image-1458\" srcset=\"https:\/\/www.tourisme-volvestre.fr\/wp-content\/uploads\/2025\/03\/Carbonne-la-terrasse-a-tire-daile-1024x1024.jpg 1024w, https:\/\/www.tourisme-volvestre.fr\/wp-content\/uploads\/2025\/03\/Carbonne-la-terrasse-a-tire-daile-300x300.jpg 300w, https:\/\/www.tourisme-volvestre.fr\/wp-content\/uploads\/2025\/03\/Carbonne-la-terrasse-a-tire-daile-150x150.jpg 150w, https:\/\/www.tourisme-volvestre.fr\/wp-content\/uploads\/2025\/03\/Carbonne-la-terrasse-a-tire-daile-768x768.jpg 768w, https:\/\/www.tourisme-volvestre.fr\/wp-content\/uploads\/2025\/03\/Carbonne-la-terrasse-a-tire-daile.jpg 1080w\" sizes=\"auto, (max-width: 1024px) 100vw, 1024px\" \/><\/figure>\n<\/div>\n\n\n\n<div class=\"wp-block-column is-layout-flow wp-block-column-is-layout-flow\">\n<figure class=\"wp-block-image size-large\"><img loading=\"lazy\" decoding=\"async\" width=\"1024\" height=\"1024\" src=\"https:\/\/www.tourisme-volvestre.fr\/wp-content\/uploads\/2025\/03\/Etoiles-du-Volvestre-1024x1024.jpg\" alt=\"\" class=\"wp-image-1467\" srcset=\"https:\/\/www.tourisme-volvestre.fr\/wp-content\/uploads\/2025\/03\/Etoiles-du-Volvestre-1024x1024.jpg 1024w, https:\/\/www.tourisme-volvestre.fr\/wp-content\/uploads\/2025\/03\/Etoiles-du-Volvestre-300x300.jpg 300w, https:\/\/www.tourisme-volvestre.fr\/wp-content\/uploads\/2025\/03\/Etoiles-du-Volvestre-150x150.jpg 150w, https:\/\/www.tourisme-volvestre.fr\/wp-content\/uploads\/2025\/03\/Etoiles-du-Volvestre-768x768.jpg 768w, https:\/\/www.tourisme-volvestre.fr\/wp-content\/uploads\/2025\/03\/Etoiles-du-Volvestre.jpg 1080w\" sizes=\"auto, (max-width: 1024px) 100vw, 1024px\" \/><\/figure>\n<\/div>\n\n\n\n<div class=\"wp-block-column is-layout-flow wp-block-column-is-layout-flow\">\n<figure class=\"wp-block-image size-large\"><img loading=\"lazy\" decoding=\"async\" width=\"1024\" height=\"1024\" src=\"https:\/\/www.tourisme-volvestre.fr\/wp-content\/uploads\/2025\/03\/Rivieres-du-Volvestre-1024x1024.jpg\" alt=\"\" class=\"wp-image-1482\" srcset=\"https:\/\/www.tourisme-volvestre.fr\/wp-content\/uploads\/2025\/03\/Rivieres-du-Volvestre-1024x1024.jpg 1024w, https:\/\/www.tourisme-volvestre.fr\/wp-content\/uploads\/2025\/03\/Rivieres-du-Volvestre-300x300.jpg 300w, https:\/\/www.tourisme-volvestre.fr\/wp-content\/uploads\/2025\/03\/Rivieres-du-Volvestre-150x150.jpg 150w, https:\/\/www.tourisme-volvestre.fr\/wp-content\/uploads\/2025\/03\/Rivieres-du-Volvestre-768x768.jpg 768w, https:\/\/www.tourisme-volvestre.fr\/wp-content\/uploads\/2025\/03\/Rivieres-du-Volvestre.jpg 1080w\" sizes=\"auto, (max-width: 1024px) 100vw, 1024px\" \/><\/figure>\n<\/div>\n\n\n\n<div class=\"wp-block-column is-layout-flow wp-block-column-is-layout-flow\">\n<figure class=\"wp-block-image size-large\"><img loading=\"lazy\" decoding=\"async\" width=\"1024\" height=\"1024\" src=\"https:\/\/www.tourisme-volvestre.fr\/wp-content\/uploads\/2025\/03\/Longages-1024x1024.jpg\" alt=\"\" class=\"wp-image-1470\" srcset=\"https:\/\/www.tourisme-volvestre.fr\/wp-content\/uploads\/2025\/03\/Longages-1024x1024.jpg 1024w, https:\/\/www.tourisme-volvestre.fr\/wp-content\/uploads\/2025\/03\/Longages-300x300.jpg 300w, https:\/\/www.tourisme-volvestre.fr\/wp-content\/uploads\/2025\/03\/Longages-150x150.jpg 150w, https:\/\/www.tourisme-volvestre.fr\/wp-content\/uploads\/2025\/03\/Longages-768x768.jpg 768w, https:\/\/www.tourisme-volvestre.fr\/wp-content\/uploads\/2025\/03\/Longages.jpg 1080w\" sizes=\"auto, (max-width: 1024px) 100vw, 1024px\" \/><\/figure>\n<\/div>\n<\/div>\n<\/div>\n<\/div>\n\n<div class=\"wp-block-group alignfull has-base-2-background-color has-background has-global-padding is-layout-constrained wp-block-group-is-layout-constrained\" style=\"margin-top:0;margin-bottom:0;padding-top:var(--wp--preset--spacing--20);padding-bottom:var(--wp--preset--spacing--20);background-image:url(&apos;https:\/\/www.tourisme-volvestre.fr\/wp-content\/uploads\/2024\/11\/boucle-menu.png&apos;);background-position:0% 65%;background-repeat:no-repeat;background-size:500px;\">\n<div class=\"wp-block-columns is-layout-flex wp-container-core-columns-is-layout-28f84493 wp-block-columns-is-layout-flex\">\n<div class=\"wp-block-column is-layout-flow wp-block-column-is-layout-flow\">\n<div class=\"wp-block-group has-contrast-2-background-color has-background has-global-padding is-layout-constrained wp-container-core-group-is-layout-80fb368b wp-block-group-is-layout-constrained\" style=\"border-radius:15px;padding-top:var(--wp--preset--spacing--30);padding-right:var(--wp--preset--spacing--30);padding-bottom:var(--wp--preset--spacing--30);padding-left:var(--wp--preset--spacing--30);background-image:url(&apos;https:\/\/www.volvestre.fr\/wp-content\/uploads\/2024\/09\/Vectorpour-fond-bleu.png&apos;);background-position:100% 0%;background-repeat:no-repeat;background-size:150px;\">\n<h2 class=\"wp-block-heading has-text-align-center has-base-2-color has-text-color has-link-color wp-elements-1439d6818da48a745c8f7b4d0a27dff0\" style=\"font-size:clamp(1.25rem, 1.25rem + ((1vw - 0.2rem) * 1.25), 2rem);\">Listening to podcasts couldn&#8217;t be easier!<\/h2>\n\n\n\n<p class=\"has-text-align-center has-base-2-color has-text-color has-link-color has-medium-font-size wp-elements-6fdd669929fae43a657a56efee1014b9\"><strong>10 episodes exploring the stories and places that make our Volvestre as an unique and vibrant place.<\/strong><br\/><strong>Simply click on your preferred listening platform below.<\/strong><br\/><strong>Enjoy your audio journey!<\/strong><\/p>\n\n\n\n<div class=\"wp-block-columns is-layout-flex wp-container-core-columns-is-layout-28f84493 wp-block-columns-is-layout-flex\">\n<div class=\"wp-block-column is-layout-flow wp-block-column-is-layout-flow\">\n<div class=\"wp-block-columns is-layout-flex wp-container-core-columns-is-layout-28f84493 wp-block-columns-is-layout-flex\">\n<div class=\"wp-block-column is-layout-flow wp-block-column-is-layout-flow\">\n<ul class=\"wp-block-list\">\n<li class=\"has-base-2-color has-text-color has-link-color wp-elements-3d91a21555654346af77867e0f43fe6d\">On <a href=\"https:\/\/audioblog.arteradio.com\/blog\/239200\/histoire-histoires-en-volvestre\">Audioblog<\/a><\/li>\n<\/ul>\n<\/div>\n\n\n\n<div class=\"wp-block-column is-layout-flow wp-block-column-is-layout-flow\">\n<ul class=\"wp-block-list\">\n<li class=\"has-base-2-color has-text-color has-link-color wp-elements-4d167d9640b2441dca8c0b906773057f\">On <a href=\"https:\/\/open.spotify.com\/show\/3uu3JlzsMBHETLqnreipe7\">Spotify<\/a><\/li>\n<\/ul>\n<\/div>\n<\/div>\n<\/div>\n\n\n\n<div class=\"wp-block-column is-layout-flow wp-block-column-is-layout-flow\">\n<div class=\"wp-block-columns is-layout-flex wp-container-core-columns-is-layout-28f84493 wp-block-columns-is-layout-flex\">\n<div class=\"wp-block-column is-layout-flow wp-block-column-is-layout-flow\">\n<ul class=\"wp-block-list\">\n<li class=\"has-base-2-color has-text-color has-link-color wp-elements-682c2b2b5de62bb61f6db598adf922f8\">On <a href=\"https:\/\/www.deezer.com\/fr\/show\/1001536801\">Deezer<\/a><\/li>\n<\/ul>\n<\/div>\n\n\n\n<div class=\"wp-block-column is-layout-flow wp-block-column-is-layout-flow\">\n<ul class=\"wp-block-list\">\n<li class=\"has-base-2-color has-text-color has-link-color wp-elements-0aac13bdd279fa3ad650fbc5079cfeb2\">On <a href=\"https:\/\/podcasts.apple.com\/fr\/podcast\/histoire-histoires-en-volvestre\/id1791052147\">Apple Podcasts<\/a><\/li>\n<\/ul>\n<\/div>\n<\/div>\n<\/div>\n<\/div>\n<\/div>\n<\/div>\n<\/div>\n<\/div>\n\n<div class=\"wp-block-columns is-layout-flex wp-container-core-columns-is-layout-28f84493 wp-block-columns-is-layout-flex\">\n<div class=\"wp-block-column is-layout-flow wp-block-column-is-layout-flow\">\n<figure class=\"wp-block-image size-large\"><img loading=\"lazy\" decoding=\"async\" width=\"1024\" height=\"1024\" src=\"https:\/\/www.tourisme-volvestre.fr\/wp-content\/uploads\/2025\/03\/Mailholas-1024x1024.jpg\" alt=\"\" class=\"wp-image-1476\" srcset=\"https:\/\/www.tourisme-volvestre.fr\/wp-content\/uploads\/2025\/03\/Mailholas-1024x1024.jpg 1024w, https:\/\/www.tourisme-volvestre.fr\/wp-content\/uploads\/2025\/03\/Mailholas-300x300.jpg 300w, https:\/\/www.tourisme-volvestre.fr\/wp-content\/uploads\/2025\/03\/Mailholas-150x150.jpg 150w, https:\/\/www.tourisme-volvestre.fr\/wp-content\/uploads\/2025\/03\/Mailholas-768x768.jpg 768w, https:\/\/www.tourisme-volvestre.fr\/wp-content\/uploads\/2025\/03\/Mailholas.jpg 1080w\" sizes=\"auto, (max-width: 1024px) 100vw, 1024px\" \/><\/figure>\n<\/div>\n\n\n\n<div class=\"wp-block-column is-layout-flow wp-block-column-is-layout-flow\">\n<figure class=\"wp-block-image size-large\"><img loading=\"lazy\" decoding=\"async\" width=\"1024\" height=\"1024\" src=\"https:\/\/www.tourisme-volvestre.fr\/wp-content\/uploads\/2025\/03\/Montbrun-Bocage-1024x1024.jpg\" alt=\"\" class=\"wp-image-1461\" srcset=\"https:\/\/www.tourisme-volvestre.fr\/wp-content\/uploads\/2025\/03\/Montbrun-Bocage-1024x1024.jpg 1024w, https:\/\/www.tourisme-volvestre.fr\/wp-content\/uploads\/2025\/03\/Montbrun-Bocage-300x300.jpg 300w, https:\/\/www.tourisme-volvestre.fr\/wp-content\/uploads\/2025\/03\/Montbrun-Bocage-150x150.jpg 150w, https:\/\/www.tourisme-volvestre.fr\/wp-content\/uploads\/2025\/03\/Montbrun-Bocage-768x768.jpg 768w, https:\/\/www.tourisme-volvestre.fr\/wp-content\/uploads\/2025\/03\/Montbrun-Bocage.jpg 1080w\" sizes=\"auto, (max-width: 1024px) 100vw, 1024px\" \/><\/figure>\n<\/div>\n\n\n\n<div class=\"wp-block-column is-layout-flow wp-block-column-is-layout-flow\">\n<figure class=\"wp-block-image size-large\"><img loading=\"lazy\" decoding=\"async\" width=\"1024\" height=\"1024\" src=\"https:\/\/www.tourisme-volvestre.fr\/wp-content\/uploads\/2025\/03\/Montesquieu-Volvestre-1024x1024.jpg\" alt=\"\" class=\"wp-image-1473\" srcset=\"https:\/\/www.tourisme-volvestre.fr\/wp-content\/uploads\/2025\/03\/Montesquieu-Volvestre-1024x1024.jpg 1024w, https:\/\/www.tourisme-volvestre.fr\/wp-content\/uploads\/2025\/03\/Montesquieu-Volvestre-300x300.jpg 300w, https:\/\/www.tourisme-volvestre.fr\/wp-content\/uploads\/2025\/03\/Montesquieu-Volvestre-150x150.jpg 150w, https:\/\/www.tourisme-volvestre.fr\/wp-content\/uploads\/2025\/03\/Montesquieu-Volvestre-768x768.jpg 768w, https:\/\/www.tourisme-volvestre.fr\/wp-content\/uploads\/2025\/03\/Montesquieu-Volvestre.jpg 1080w\" sizes=\"auto, (max-width: 1024px) 100vw, 1024px\" \/><\/figure>\n<\/div>\n\n\n\n<div class=\"wp-block-column is-layout-flow wp-block-column-is-layout-flow\">\n<figure class=\"wp-block-image size-large\"><img loading=\"lazy\" decoding=\"async\" width=\"1024\" height=\"1024\" src=\"https:\/\/www.tourisme-volvestre.fr\/wp-content\/uploads\/2025\/03\/Rieux-Volvestre-1024x1024.jpg\" alt=\"\" class=\"wp-image-1479\" srcset=\"https:\/\/www.tourisme-volvestre.fr\/wp-content\/uploads\/2025\/03\/Rieux-Volvestre-1024x1024.jpg 1024w, https:\/\/www.tourisme-volvestre.fr\/wp-content\/uploads\/2025\/03\/Rieux-Volvestre-300x300.jpg 300w, https:\/\/www.tourisme-volvestre.fr\/wp-content\/uploads\/2025\/03\/Rieux-Volvestre-150x150.jpg 150w, https:\/\/www.tourisme-volvestre.fr\/wp-content\/uploads\/2025\/03\/Rieux-Volvestre-768x768.jpg 768w, https:\/\/www.tourisme-volvestre.fr\/wp-content\/uploads\/2025\/03\/Rieux-Volvestre.jpg 1080w\" sizes=\"auto, (max-width: 1024px) 100vw, 1024px\" \/><\/figure>\n<\/div>\n\n\n\n<div class=\"wp-block-column is-layout-flow wp-block-column-is-layout-flow\">\n<figure class=\"wp-block-image size-large\"><img loading=\"lazy\" decoding=\"async\" width=\"1024\" height=\"1024\" src=\"https:\/\/www.tourisme-volvestre.fr\/wp-content\/uploads\/2025\/03\/Saint-Sulpice-sur-Leze-1024x1024.jpg\" alt=\"\" class=\"wp-image-1464\" srcset=\"https:\/\/www.tourisme-volvestre.fr\/wp-content\/uploads\/2025\/03\/Saint-Sulpice-sur-Leze-1024x1024.jpg 1024w, https:\/\/www.tourisme-volvestre.fr\/wp-content\/uploads\/2025\/03\/Saint-Sulpice-sur-Leze-300x300.jpg 300w, https:\/\/www.tourisme-volvestre.fr\/wp-content\/uploads\/2025\/03\/Saint-Sulpice-sur-Leze-150x150.jpg 150w, https:\/\/www.tourisme-volvestre.fr\/wp-content\/uploads\/2025\/03\/Saint-Sulpice-sur-Leze-768x768.jpg 768w, https:\/\/www.tourisme-volvestre.fr\/wp-content\/uploads\/2025\/03\/Saint-Sulpice-sur-Leze.jpg 1080w\" sizes=\"auto, (max-width: 1024px) 100vw, 1024px\" \/><\/figure>\n<\/div>\n<\/div>\n","protected":false},"excerpt":{"rendered":"<p>Discover Volvestre in a different way! A storytelling journey in 10 podcasts The Volvestre Intercommunal Tourist Office, the Volvestre Community of Communes and Gabriel Tamalet, storyteller, musician and actor, announce you the launch of &#8220;Histoire-Histoires&#8230;&#8221;. Gabriel offers you a series of new podcasts that invite you to explore Volvestre in a new light. Discover an [&hellip;]<\/p>\n","protected":false},"author":5,"featured_media":1453,"comment_status":"closed","ping_status":"closed","sticky":false,"template":"","format":"standard","meta":{"_acf_changed":false,"inline_featured_image":false,"footnotes":""},"categories":[63,110],"tags":[],"class_list":["post-8633","post","type-post","status-publish","format-standard","has-post-thumbnail","hentry","category-heritage","category-news"],"acf":[],"yoast_head":"<!-- This site is optimized with the Yoast SEO plugin v27.3 - https:\/\/yoast.com\/product\/yoast-seo-wordpress\/ -->\n<title>Podcast &quot;Histoire - Histoires&quot; by Gabriel Tamalet - Volvestre Tourisme<\/title>\n<meta name=\"description\" content=\"Discover the Volvestre region through the 10 episodes of the \u2018Histoire Histoires\u2019 podcast narrated by Gabriel Tamalet. Enjoy your audio journey!\" \/>\n<meta name=\"robots\" content=\"index, follow, max-snippet:-1, max-image-preview:large, max-video-preview:-1\" \/>\n<link rel=\"canonical\" href=\"https:\/\/www.tourisme-volvestre.fr\/en\/podcast-histoire-histoires-by-gabriel-tamalet\/\" \/>\n<meta property=\"og:locale\" content=\"en_US\" \/>\n<meta property=\"og:type\" content=\"article\" \/>\n<meta property=\"og:title\" content=\"Podcast &quot;Histoire - Histoires&quot; by Gabriel Tamalet - Volvestre Tourisme\" \/>\n<meta property=\"og:description\" content=\"Discover the Volvestre region through the 10 episodes of the \u2018Histoire Histoires\u2019 podcast narrated by Gabriel Tamalet. Enjoy your audio journey!\" \/>\n<meta property=\"og:url\" content=\"https:\/\/www.tourisme-volvestre.fr\/en\/podcast-histoire-histoires-by-gabriel-tamalet\/\" \/>\n<meta property=\"og:site_name\" content=\"Volvestre Tourisme\" \/>\n<meta property=\"article:publisher\" content=\"https:\/\/www.facebook.com\/TourismeVolvestre\" \/>\n<meta property=\"article:published_time\" content=\"2025-06-28T15:13:15+00:00\" \/>\n<meta property=\"article:modified_time\" content=\"2025-08-12T14:11:39+00:00\" \/>\n<meta property=\"og:image\" content=\"https:\/\/www.tourisme-volvestre.fr\/wp-content\/uploads\/2025\/03\/Histoire-histoires__5_-_1_-2.jpg\" \/>\n\t<meta property=\"og:image:width\" content=\"1200\" \/>\n\t<meta property=\"og:image:height\" content=\"675\" \/>\n\t<meta property=\"og:image:type\" content=\"image\/jpeg\" \/>\n<meta name=\"author\" content=\"Arthur POUGET TRIEP-CAPDEVILLE\" \/>\n<meta name=\"twitter:card\" content=\"summary_large_image\" \/>\n<meta name=\"twitter:label1\" content=\"Written by\" \/>\n\t<meta name=\"twitter:data1\" content=\"Arthur POUGET TRIEP-CAPDEVILLE\" \/>\n\t<meta name=\"twitter:label2\" content=\"Est. reading time\" \/>\n\t<meta name=\"twitter:data2\" content=\"1 minute\" \/>\n<script type=\"application\/ld+json\" class=\"yoast-schema-graph\">{\"@context\":\"https:\\\/\\\/schema.org\",\"@graph\":[{\"@type\":\"Article\",\"@id\":\"https:\\\/\\\/www.tourisme-volvestre.fr\\\/en\\\/podcast-histoire-histoires-by-gabriel-tamalet\\\/#article\",\"isPartOf\":{\"@id\":\"https:\\\/\\\/www.tourisme-volvestre.fr\\\/en\\\/podcast-histoire-histoires-by-gabriel-tamalet\\\/\"},\"author\":{\"name\":\"Arthur POUGET TRIEP-CAPDEVILLE\",\"@id\":\"https:\\\/\\\/www.tourisme-volvestre.fr\\\/en\\\/#\\\/schema\\\/person\\\/173496b7124a9995564c4af288b64c0c\"},\"headline\":\"Podcast &#8220;Histoire &#8211; Histoires&#8221; by Gabriel Tamalet\",\"datePublished\":\"2025-06-28T15:13:15+00:00\",\"dateModified\":\"2025-08-12T14:11:39+00:00\",\"mainEntityOfPage\":{\"@id\":\"https:\\\/\\\/www.tourisme-volvestre.fr\\\/en\\\/podcast-histoire-histoires-by-gabriel-tamalet\\\/\"},\"wordCount\":172,\"publisher\":{\"@id\":\"https:\\\/\\\/www.tourisme-volvestre.fr\\\/en\\\/#organization\"},\"image\":{\"@id\":\"https:\\\/\\\/www.tourisme-volvestre.fr\\\/en\\\/podcast-histoire-histoires-by-gabriel-tamalet\\\/#primaryimage\"},\"thumbnailUrl\":\"https:\\\/\\\/www.tourisme-volvestre.fr\\\/wp-content\\\/uploads\\\/2025\\\/03\\\/Histoire-histoires__5_-_1_-2.jpg\",\"articleSection\":[\"Heritage\",\"News\"],\"inLanguage\":\"en-US\"},{\"@type\":\"WebPage\",\"@id\":\"https:\\\/\\\/www.tourisme-volvestre.fr\\\/en\\\/podcast-histoire-histoires-by-gabriel-tamalet\\\/\",\"url\":\"https:\\\/\\\/www.tourisme-volvestre.fr\\\/en\\\/podcast-histoire-histoires-by-gabriel-tamalet\\\/\",\"name\":\"Podcast \\\"Histoire - Histoires\\\" by Gabriel Tamalet - Volvestre Tourisme\",\"isPartOf\":{\"@id\":\"https:\\\/\\\/www.tourisme-volvestre.fr\\\/en\\\/#website\"},\"primaryImageOfPage\":{\"@id\":\"https:\\\/\\\/www.tourisme-volvestre.fr\\\/en\\\/podcast-histoire-histoires-by-gabriel-tamalet\\\/#primaryimage\"},\"image\":{\"@id\":\"https:\\\/\\\/www.tourisme-volvestre.fr\\\/en\\\/podcast-histoire-histoires-by-gabriel-tamalet\\\/#primaryimage\"},\"thumbnailUrl\":\"https:\\\/\\\/www.tourisme-volvestre.fr\\\/wp-content\\\/uploads\\\/2025\\\/03\\\/Histoire-histoires__5_-_1_-2.jpg\",\"datePublished\":\"2025-06-28T15:13:15+00:00\",\"dateModified\":\"2025-08-12T14:11:39+00:00\",\"description\":\"Discover the Volvestre region through the 10 episodes of the \u2018Histoire Histoires\u2019 podcast narrated by Gabriel Tamalet. Enjoy your audio journey!\",\"breadcrumb\":{\"@id\":\"https:\\\/\\\/www.tourisme-volvestre.fr\\\/en\\\/podcast-histoire-histoires-by-gabriel-tamalet\\\/#breadcrumb\"},\"inLanguage\":\"en-US\",\"potentialAction\":[{\"@type\":\"ReadAction\",\"target\":[\"https:\\\/\\\/www.tourisme-volvestre.fr\\\/en\\\/podcast-histoire-histoires-by-gabriel-tamalet\\\/\"]}]},{\"@type\":\"ImageObject\",\"inLanguage\":\"en-US\",\"@id\":\"https:\\\/\\\/www.tourisme-volvestre.fr\\\/en\\\/podcast-histoire-histoires-by-gabriel-tamalet\\\/#primaryimage\",\"url\":\"https:\\\/\\\/www.tourisme-volvestre.fr\\\/wp-content\\\/uploads\\\/2025\\\/03\\\/Histoire-histoires__5_-_1_-2.jpg\",\"contentUrl\":\"https:\\\/\\\/www.tourisme-volvestre.fr\\\/wp-content\\\/uploads\\\/2025\\\/03\\\/Histoire-histoires__5_-_1_-2.jpg\",\"width\":1200,\"height\":675,\"caption\":\"Gabriel Tamalet et Office de Tourisme Intercommunal du Volvestre\"},{\"@type\":\"BreadcrumbList\",\"@id\":\"https:\\\/\\\/www.tourisme-volvestre.fr\\\/en\\\/podcast-histoire-histoires-by-gabriel-tamalet\\\/#breadcrumb\",\"itemListElement\":[{\"@type\":\"ListItem\",\"position\":1,\"name\":\"Accueil\",\"item\":\"https:\\\/\\\/www.tourisme-volvestre.fr\\\/en\\\/?lang=en\"},{\"@type\":\"ListItem\",\"position\":2,\"name\":\"Non cat\u00e9goris\u00e9\",\"item\":\"https:\\\/\\\/www.tourisme-volvestre.fr\\\/en\\\/category\\\/non-categorise\\\/\"},{\"@type\":\"ListItem\",\"position\":3,\"name\":\"Podcast &#8220;Histoire &#8211; Histoires&#8221; by Gabriel Tamalet\"}]},{\"@type\":\"WebSite\",\"@id\":\"https:\\\/\\\/www.tourisme-volvestre.fr\\\/en\\\/#website\",\"url\":\"https:\\\/\\\/www.tourisme-volvestre.fr\\\/en\\\/\",\"name\":\"Volvestre Tourisme\",\"description\":\"\",\"publisher\":{\"@id\":\"https:\\\/\\\/www.tourisme-volvestre.fr\\\/en\\\/#organization\"},\"alternateName\":\"OT Volvestre\",\"potentialAction\":[{\"@type\":\"SearchAction\",\"target\":{\"@type\":\"EntryPoint\",\"urlTemplate\":\"https:\\\/\\\/www.tourisme-volvestre.fr\\\/en\\\/?s={search_term_string}\"},\"query-input\":{\"@type\":\"PropertyValueSpecification\",\"valueRequired\":true,\"valueName\":\"search_term_string\"}}],\"inLanguage\":\"en-US\"},{\"@type\":\"Organization\",\"@id\":\"https:\\\/\\\/www.tourisme-volvestre.fr\\\/en\\\/#organization\",\"name\":\"Volvestre Tourisme\",\"url\":\"https:\\\/\\\/www.tourisme-volvestre.fr\\\/en\\\/\",\"logo\":{\"@type\":\"ImageObject\",\"inLanguage\":\"en-US\",\"@id\":\"https:\\\/\\\/www.tourisme-volvestre.fr\\\/en\\\/#\\\/schema\\\/logo\\\/image\\\/\",\"url\":\"https:\\\/\\\/www.tourisme-volvestre.fr\\\/wp-content\\\/uploads\\\/2025\\\/02\\\/logo-site.png\",\"contentUrl\":\"https:\\\/\\\/www.tourisme-volvestre.fr\\\/wp-content\\\/uploads\\\/2025\\\/02\\\/logo-site.png\",\"width\":152,\"height\":152,\"caption\":\"Volvestre Tourisme\"},\"image\":{\"@id\":\"https:\\\/\\\/www.tourisme-volvestre.fr\\\/en\\\/#\\\/schema\\\/logo\\\/image\\\/\"},\"sameAs\":[\"https:\\\/\\\/www.facebook.com\\\/TourismeVolvestre\",\"https:\\\/\\\/www.instagram.com\\\/tourismevolvestre\"]},{\"@type\":\"Person\",\"@id\":\"https:\\\/\\\/www.tourisme-volvestre.fr\\\/en\\\/#\\\/schema\\\/person\\\/173496b7124a9995564c4af288b64c0c\",\"name\":\"Arthur POUGET TRIEP-CAPDEVILLE\",\"image\":{\"@type\":\"ImageObject\",\"inLanguage\":\"en-US\",\"@id\":\"https:\\\/\\\/secure.gravatar.com\\\/avatar\\\/4fed3b27571b04e509bea737371678fb83645b915b93ab8aeb4a5a4be58f730d?s=96&d=mm&r=g\",\"url\":\"https:\\\/\\\/secure.gravatar.com\\\/avatar\\\/4fed3b27571b04e509bea737371678fb83645b915b93ab8aeb4a5a4be58f730d?s=96&d=mm&r=g\",\"contentUrl\":\"https:\\\/\\\/secure.gravatar.com\\\/avatar\\\/4fed3b27571b04e509bea737371678fb83645b915b93ab8aeb4a5a4be58f730d?s=96&d=mm&r=g\",\"caption\":\"Arthur POUGET TRIEP-CAPDEVILLE\"}}]}<\/script>\n<!-- \/ Yoast SEO plugin. -->","yoast_head_json":{"title":"Podcast \"Histoire - Histoires\" by Gabriel Tamalet - Volvestre Tourisme","description":"Discover the Volvestre region through the 10 episodes of the \u2018Histoire Histoires\u2019 podcast narrated by Gabriel Tamalet. Enjoy your audio journey!","robots":{"index":"index","follow":"follow","max-snippet":"max-snippet:-1","max-image-preview":"max-image-preview:large","max-video-preview":"max-video-preview:-1"},"canonical":"https:\/\/www.tourisme-volvestre.fr\/en\/podcast-histoire-histoires-by-gabriel-tamalet\/","og_locale":"en_US","og_type":"article","og_title":"Podcast \"Histoire - Histoires\" by Gabriel Tamalet - Volvestre Tourisme","og_description":"Discover the Volvestre region through the 10 episodes of the \u2018Histoire Histoires\u2019 podcast narrated by Gabriel Tamalet. Enjoy your audio journey!","og_url":"https:\/\/www.tourisme-volvestre.fr\/en\/podcast-histoire-histoires-by-gabriel-tamalet\/","og_site_name":"Volvestre Tourisme","article_publisher":"https:\/\/www.facebook.com\/TourismeVolvestre","article_published_time":"2025-06-28T15:13:15+00:00","article_modified_time":"2025-08-12T14:11:39+00:00","og_image":[{"width":1200,"height":675,"url":"https:\/\/www.tourisme-volvestre.fr\/wp-content\/uploads\/2025\/03\/Histoire-histoires__5_-_1_-2.jpg","type":"image\/jpeg"}],"author":"Arthur POUGET TRIEP-CAPDEVILLE","twitter_card":"summary_large_image","twitter_misc":{"Written by":"Arthur POUGET TRIEP-CAPDEVILLE","Est. reading time":"1 minute"},"schema":{"@context":"https:\/\/schema.org","@graph":[{"@type":"Article","@id":"https:\/\/www.tourisme-volvestre.fr\/en\/podcast-histoire-histoires-by-gabriel-tamalet\/#article","isPartOf":{"@id":"https:\/\/www.tourisme-volvestre.fr\/en\/podcast-histoire-histoires-by-gabriel-tamalet\/"},"author":{"name":"Arthur POUGET TRIEP-CAPDEVILLE","@id":"https:\/\/www.tourisme-volvestre.fr\/en\/#\/schema\/person\/173496b7124a9995564c4af288b64c0c"},"headline":"Podcast &#8220;Histoire &#8211; Histoires&#8221; by Gabriel Tamalet","datePublished":"2025-06-28T15:13:15+00:00","dateModified":"2025-08-12T14:11:39+00:00","mainEntityOfPage":{"@id":"https:\/\/www.tourisme-volvestre.fr\/en\/podcast-histoire-histoires-by-gabriel-tamalet\/"},"wordCount":172,"publisher":{"@id":"https:\/\/www.tourisme-volvestre.fr\/en\/#organization"},"image":{"@id":"https:\/\/www.tourisme-volvestre.fr\/en\/podcast-histoire-histoires-by-gabriel-tamalet\/#primaryimage"},"thumbnailUrl":"https:\/\/www.tourisme-volvestre.fr\/wp-content\/uploads\/2025\/03\/Histoire-histoires__5_-_1_-2.jpg","articleSection":["Heritage","News"],"inLanguage":"en-US"},{"@type":"WebPage","@id":"https:\/\/www.tourisme-volvestre.fr\/en\/podcast-histoire-histoires-by-gabriel-tamalet\/","url":"https:\/\/www.tourisme-volvestre.fr\/en\/podcast-histoire-histoires-by-gabriel-tamalet\/","name":"Podcast \"Histoire - Histoires\" by Gabriel Tamalet - Volvestre Tourisme","isPartOf":{"@id":"https:\/\/www.tourisme-volvestre.fr\/en\/#website"},"primaryImageOfPage":{"@id":"https:\/\/www.tourisme-volvestre.fr\/en\/podcast-histoire-histoires-by-gabriel-tamalet\/#primaryimage"},"image":{"@id":"https:\/\/www.tourisme-volvestre.fr\/en\/podcast-histoire-histoires-by-gabriel-tamalet\/#primaryimage"},"thumbnailUrl":"https:\/\/www.tourisme-volvestre.fr\/wp-content\/uploads\/2025\/03\/Histoire-histoires__5_-_1_-2.jpg","datePublished":"2025-06-28T15:13:15+00:00","dateModified":"2025-08-12T14:11:39+00:00","description":"Discover the Volvestre region through the 10 episodes of the \u2018Histoire Histoires\u2019 podcast narrated by Gabriel Tamalet. Enjoy your audio journey!","breadcrumb":{"@id":"https:\/\/www.tourisme-volvestre.fr\/en\/podcast-histoire-histoires-by-gabriel-tamalet\/#breadcrumb"},"inLanguage":"en-US","potentialAction":[{"@type":"ReadAction","target":["https:\/\/www.tourisme-volvestre.fr\/en\/podcast-histoire-histoires-by-gabriel-tamalet\/"]}]},{"@type":"ImageObject","inLanguage":"en-US","@id":"https:\/\/www.tourisme-volvestre.fr\/en\/podcast-histoire-histoires-by-gabriel-tamalet\/#primaryimage","url":"https:\/\/www.tourisme-volvestre.fr\/wp-content\/uploads\/2025\/03\/Histoire-histoires__5_-_1_-2.jpg","contentUrl":"https:\/\/www.tourisme-volvestre.fr\/wp-content\/uploads\/2025\/03\/Histoire-histoires__5_-_1_-2.jpg","width":1200,"height":675,"caption":"Gabriel Tamalet et Office de Tourisme Intercommunal du Volvestre"},{"@type":"BreadcrumbList","@id":"https:\/\/www.tourisme-volvestre.fr\/en\/podcast-histoire-histoires-by-gabriel-tamalet\/#breadcrumb","itemListElement":[{"@type":"ListItem","position":1,"name":"Accueil","item":"https:\/\/www.tourisme-volvestre.fr\/en\/?lang=en"},{"@type":"ListItem","position":2,"name":"Non cat\u00e9goris\u00e9","item":"https:\/\/www.tourisme-volvestre.fr\/en\/category\/non-categorise\/"},{"@type":"ListItem","position":3,"name":"Podcast &#8220;Histoire &#8211; Histoires&#8221; by Gabriel Tamalet"}]},{"@type":"WebSite","@id":"https:\/\/www.tourisme-volvestre.fr\/en\/#website","url":"https:\/\/www.tourisme-volvestre.fr\/en\/","name":"Volvestre Tourisme","description":"","publisher":{"@id":"https:\/\/www.tourisme-volvestre.fr\/en\/#organization"},"alternateName":"OT Volvestre","potentialAction":[{"@type":"SearchAction","target":{"@type":"EntryPoint","urlTemplate":"https:\/\/www.tourisme-volvestre.fr\/en\/?s={search_term_string}"},"query-input":{"@type":"PropertyValueSpecification","valueRequired":true,"valueName":"search_term_string"}}],"inLanguage":"en-US"},{"@type":"Organization","@id":"https:\/\/www.tourisme-volvestre.fr\/en\/#organization","name":"Volvestre Tourisme","url":"https:\/\/www.tourisme-volvestre.fr\/en\/","logo":{"@type":"ImageObject","inLanguage":"en-US","@id":"https:\/\/www.tourisme-volvestre.fr\/en\/#\/schema\/logo\/image\/","url":"https:\/\/www.tourisme-volvestre.fr\/wp-content\/uploads\/2025\/02\/logo-site.png","contentUrl":"https:\/\/www.tourisme-volvestre.fr\/wp-content\/uploads\/2025\/02\/logo-site.png","width":152,"height":152,"caption":"Volvestre Tourisme"},"image":{"@id":"https:\/\/www.tourisme-volvestre.fr\/en\/#\/schema\/logo\/image\/"},"sameAs":["https:\/\/www.facebook.com\/TourismeVolvestre","https:\/\/www.instagram.com\/tourismevolvestre"]},{"@type":"Person","@id":"https:\/\/www.tourisme-volvestre.fr\/en\/#\/schema\/person\/173496b7124a9995564c4af288b64c0c","name":"Arthur POUGET TRIEP-CAPDEVILLE","image":{"@type":"ImageObject","inLanguage":"en-US","@id":"https:\/\/secure.gravatar.com\/avatar\/4fed3b27571b04e509bea737371678fb83645b915b93ab8aeb4a5a4be58f730d?s=96&d=mm&r=g","url":"https:\/\/secure.gravatar.com\/avatar\/4fed3b27571b04e509bea737371678fb83645b915b93ab8aeb4a5a4be58f730d?s=96&d=mm&r=g","contentUrl":"https:\/\/secure.gravatar.com\/avatar\/4fed3b27571b04e509bea737371678fb83645b915b93ab8aeb4a5a4be58f730d?s=96&d=mm&r=g","caption":"Arthur POUGET TRIEP-CAPDEVILLE"}}]}},"_links":{"self":[{"href":"https:\/\/www.tourisme-volvestre.fr\/en\/wp-json\/wp\/v2\/posts\/8633","targetHints":{"allow":["GET"]}}],"collection":[{"href":"https:\/\/www.tourisme-volvestre.fr\/en\/wp-json\/wp\/v2\/posts"}],"about":[{"href":"https:\/\/www.tourisme-volvestre.fr\/en\/wp-json\/wp\/v2\/types\/post"}],"author":[{"embeddable":true,"href":"https:\/\/www.tourisme-volvestre.fr\/en\/wp-json\/wp\/v2\/users\/5"}],"replies":[{"embeddable":true,"href":"https:\/\/www.tourisme-volvestre.fr\/en\/wp-json\/wp\/v2\/comments?post=8633"}],"version-history":[{"count":1,"href":"https:\/\/www.tourisme-volvestre.fr\/en\/wp-json\/wp\/v2\/posts\/8633\/revisions"}],"predecessor-version":[{"id":8634,"href":"https:\/\/www.tourisme-volvestre.fr\/en\/wp-json\/wp\/v2\/posts\/8633\/revisions\/8634"}],"wp:featuredmedia":[{"embeddable":true,"href":"https:\/\/www.tourisme-volvestre.fr\/en\/wp-json\/wp\/v2\/media\/1453"}],"wp:attachment":[{"href":"https:\/\/www.tourisme-volvestre.fr\/en\/wp-json\/wp\/v2\/media?parent=8633"}],"wp:term":[{"taxonomy":"category","embeddable":true,"href":"https:\/\/www.tourisme-volvestre.fr\/en\/wp-json\/wp\/v2\/categories?post=8633"},{"taxonomy":"post_tag","embeddable":true,"href":"https:\/\/www.tourisme-volvestre.fr\/en\/wp-json\/wp\/v2\/tags?post=8633"}],"curies":[{"name":"wp","href":"https:\/\/api.w.org\/{rel}","templated":true}]}}