{"id":10714,"date":"2025-09-26T11:53:38","date_gmt":"2025-09-26T09:53:38","guid":{"rendered":"https:\/\/www.tourisme-volvestre.fr\/?p=10714"},"modified":"2026-01-09T10:21:56","modified_gmt":"2026-01-09T09:21:56","slug":"nuestro-nuevo-horario","status":"publish","type":"post","link":"https:\/\/www.tourisme-volvestre.fr\/es\/nuestro-nuevo-horario\/","title":{"rendered":"Nuestro nuevo horario"},"content":{"rendered":"\n<p class=\"has-text-align-center\">\u00a1 A partir del <strong>1 de octubre de 2025<\/strong>, la Oficina de Turismo Intercomunal del Volvestre adapta sus horarios de apertura para acogeros mejor durante todo el a\u00f1o !<\/p>\n\n<figure class=\"wp-block-image aligncenter size-large is-style-rounded is-style-rounded--1\"><img loading=\"lazy\" decoding=\"async\" width=\"1024\" height=\"482\" src=\"https:\/\/www.tourisme-volvestre.fr\/wp-content\/uploads\/2025\/09\/2-rieuxvolvestre_oti_interieur-2-1024x482.jpg\" alt=\"\" class=\"wp-image-10726\" srcset=\"https:\/\/www.tourisme-volvestre.fr\/wp-content\/uploads\/2025\/09\/2-rieuxvolvestre_oti_interieur-2-1024x482.jpg 1024w, https:\/\/www.tourisme-volvestre.fr\/wp-content\/uploads\/2025\/09\/2-rieuxvolvestre_oti_interieur-2-300x141.jpg 300w, https:\/\/www.tourisme-volvestre.fr\/wp-content\/uploads\/2025\/09\/2-rieuxvolvestre_oti_interieur-2-768x361.jpg 768w, https:\/\/www.tourisme-volvestre.fr\/wp-content\/uploads\/2025\/09\/2-rieuxvolvestre_oti_interieur-2-1536x722.jpg 1536w, https:\/\/www.tourisme-volvestre.fr\/wp-content\/uploads\/2025\/09\/2-rieuxvolvestre_oti_interieur-2-2048x963.jpg 2048w\" sizes=\"auto, (max-width: 1024px) 100vw, 1024px\" \/><figcaption class=\"wp-element-caption\">Oficina Intercomunal de Turismo del Volvestre @OTIduVolvestre<\/figcaption><\/figure>\n\n<p class=\"has-text-align-center has-medium-font-size\"><strong>Nuestro nuevo horario de apertura <\/strong>:<\/p>\n\n<ul class=\"wp-block-list\">\n<li class=\"has-medium-font-size\"><strong>Temporada baja (del 1 de octubre al 30 de abril) <\/strong><\/li>\n<\/ul>\n\n<figure class=\"wp-block-table\"><table class=\"has-fixed-layout\"><tbody><tr><td class=\"has-text-align-center\" data-align=\"center\"><strong>Fuera de las vacaciones escolares<\/strong><\/td><td class=\"has-text-align-center\" data-align=\"center\"><strong>Vacaciones escolares (zona A, zona B y zona C)<\/strong><\/td><\/tr><tr><td class=\"has-text-align-center\" data-align=\"center\"><strong>Lunes<\/strong> : Cerrado al p\u00fablico<br\/><strong>Martes <\/strong>: 10:00 \u2013 13:00<br\/><strong>Mi\u00e9rcoles <\/strong>: 10:00 \u2013 13:00<br\/><strong>Jueves <\/strong>: 10:00 \u2013 13:00<br\/><strong>Viernes <\/strong>: 10:00 \u2013 13:00<br\/><strong>S\u00e1bado <\/strong>: Cerrado<br\/><strong>Domingo <\/strong>: Cerrado<\/td><td class=\"has-text-align-center\" data-align=\"center\"><strong>Lunes <\/strong>: Cerrado al p\u00fablico<br\/><strong>Martes <\/strong>: 10:00 \u2013 13:00 \/ 14:00 \u2013 17:00<br\/><strong>Mi\u00e9rcoles <\/strong>: 10:00 \u2013 13:00 \/ 14:00 \u2013 17:00<br\/><strong>Jueves <\/strong>: 10:00 \u2013 13:00 \/ 14:00 \u2013 17:00<br\/><strong>Viernes <\/strong>: 10:00 \u2013 13:00 \/ 14:00 \u2013 17:00<br\/><strong>S\u00e1bado <\/strong>: Cerrado<br\/><strong>Domingo <\/strong>: Cerrado<\/td><\/tr><\/tbody><\/table><\/figure>\n\n<ul class=\"wp-block-list\">\n<li class=\"has-medium-font-size\"><strong>Temporada alta (del 1 de mayo al 30 se septiembre)<\/strong><\/li>\n<\/ul>\n\n<figure class=\"wp-block-table\"><table class=\"has-fixed-layout\"><tbody><tr><td class=\"has-text-align-center\" data-align=\"center\"><strong>Lunes :<\/strong> cerrado al publico <br\/><strong>Martes : <\/strong>10h &#8211; 13h \/ 14h &#8211; 18h <br\/><strong>Mi\u00e9rcoles : <\/strong>10h &#8211; 13h \/ 14h &#8211; 18h<br\/><strong>Jueves : <\/strong>10h &#8211; 13h \/ 14h &#8211; 18h<br\/><strong>Viernes :<\/strong> 10h &#8211; 13h \/ 14h &#8211; 18h<br\/><strong>Sabado :<\/strong> 10h &#8211; 13h \/ 14h &#8211; 18h<br\/><strong>Domingo :<\/strong> 10h &#8211; 13h \/ (14h &#8211; 18h si hay evento)<\/td><\/tr><\/tbody><\/table><\/figure>\n\n<p class=\"has-text-align-center\">La catedral de Rieux-Volvestre est\u00e1 abierta durante el horario de apertura de la Oficina de Turismo.<\/p>\n\n<p class=\"has-text-align-center\"><strong>Ya sea usted residente local o visitante de paso, nuestro equipo est\u00e1 a su disposici\u00f3n para asesorarle, guiarle y ayudarle a descubrir todas las risquezas del Volvestre<\/strong>.<\/p>\n\n<div class=\"wp-block-group has-contrast-2-background-color has-background has-global-padding is-layout-constrained wp-container-core-group-is-layout-80fb368b wp-block-group-is-layout-constrained\" style=\"border-radius:15px;padding-top:var(--wp--preset--spacing--30);padding-right:var(--wp--preset--spacing--30);padding-bottom:var(--wp--preset--spacing--30);padding-left:var(--wp--preset--spacing--30);background-image:url(&apos;https:\/\/www.volvestre.fr\/wp-content\/uploads\/2024\/09\/Vectorpour-fond-bleu.png&apos;);background-position:100% 0%;background-repeat:no-repeat;background-size:150px;\">\n<h2 class=\"wp-block-heading has-base-2-color has-text-color has-link-color wp-elements-1b20f55b1e55a0a4b94bb6cd372a1678\">informaci\u00f3n pr\u00e1ctica <\/h2>\n\n\n\n<p class=\"has-base-2-color has-text-color has-link-color wp-elements-569a5a53d108c338c7eb054b95375b75\">\ud83d\udccd 9 Rue de l&#8217;\u00c9v\u00each\u00e9 &#8211; 31 310 Rieux-Volvestre<br\/>\ud83d\udcde 05 61 87 63 33<br\/>\ud83d\udce7 <a href=\"mailto:vinscadeillac@gmail.com\">officetourisme@cc-volvestre.fr<\/a><\/p>\n\n\n\n<ul class=\"wp-block-social-links is-layout-flex wp-block-social-links-is-layout-flex\"><li class=\"wp-social-link wp-social-link-facebook  wp-block-social-link\"><a rel=\"noopener nofollow\" target=\"_blank\" href=\"https:\/\/www.facebook.com\/TourismeVolvestre\/?locale=fr_FR\" class=\"wp-block-social-link-anchor\"><svg width=\"24\" height=\"24\" viewBox=\"0 0 24 24\" version=\"1.1\" xmlns=\"http:\/\/www.w3.org\/2000\/svg\" aria-hidden=\"true\" focusable=\"false\"><path d=\"M12 2C6.5 2 2 6.5 2 12c0 5 3.7 9.1 8.4 9.9v-7H7.9V12h2.5V9.8c0-2.5 1.5-3.9 3.8-3.9 1.1 0 2.2.2 2.2.2v2.5h-1.3c-1.2 0-1.6.8-1.6 1.6V12h2.8l-.4 2.9h-2.3v7C18.3 21.1 22 17 22 12c0-5.5-4.5-10-10-10z\"><\/path><\/svg><span class=\"wp-block-social-link-label screen-reader-text\">Facebook<\/span><\/a><\/li>\n\n<li class=\"wp-social-link wp-social-link-instagram  wp-block-social-link\"><a rel=\"noopener nofollow\" target=\"_blank\" href=\"https:\/\/www.instagram.com\/tourismevolvestre\/\" class=\"wp-block-social-link-anchor\"><svg width=\"24\" height=\"24\" viewBox=\"0 0 24 24\" version=\"1.1\" xmlns=\"http:\/\/www.w3.org\/2000\/svg\" aria-hidden=\"true\" focusable=\"false\"><path d=\"M12,4.622c2.403,0,2.688,0.009,3.637,0.052c0.877,0.04,1.354,0.187,1.671,0.31c0.42,0.163,0.72,0.358,1.035,0.673 c0.315,0.315,0.51,0.615,0.673,1.035c0.123,0.317,0.27,0.794,0.31,1.671c0.043,0.949,0.052,1.234,0.052,3.637 s-0.009,2.688-0.052,3.637c-0.04,0.877-0.187,1.354-0.31,1.671c-0.163,0.42-0.358,0.72-0.673,1.035 c-0.315,0.315-0.615,0.51-1.035,0.673c-0.317,0.123-0.794,0.27-1.671,0.31c-0.949,0.043-1.233,0.052-3.637,0.052 s-2.688-0.009-3.637-0.052c-0.877-0.04-1.354-0.187-1.671-0.31c-0.42-0.163-0.72-0.358-1.035-0.673 c-0.315-0.315-0.51-0.615-0.673-1.035c-0.123-0.317-0.27-0.794-0.31-1.671C4.631,14.688,4.622,14.403,4.622,12 s0.009-2.688,0.052-3.637c0.04-0.877,0.187-1.354,0.31-1.671c0.163-0.42,0.358-0.72,0.673-1.035 c0.315-0.315,0.615-0.51,1.035-0.673c0.317-0.123,0.794-0.27,1.671-0.31C9.312,4.631,9.597,4.622,12,4.622 M12,3 C9.556,3,9.249,3.01,8.289,3.054C7.331,3.098,6.677,3.25,6.105,3.472C5.513,3.702,5.011,4.01,4.511,4.511 c-0.5,0.5-0.808,1.002-1.038,1.594C3.25,6.677,3.098,7.331,3.054,8.289C3.01,9.249,3,9.556,3,12c0,2.444,0.01,2.751,0.054,3.711 c0.044,0.958,0.196,1.612,0.418,2.185c0.23,0.592,0.538,1.094,1.038,1.594c0.5,0.5,1.002,0.808,1.594,1.038 c0.572,0.222,1.227,0.375,2.185,0.418C9.249,20.99,9.556,21,12,21s2.751-0.01,3.711-0.054c0.958-0.044,1.612-0.196,2.185-0.418 c0.592-0.23,1.094-0.538,1.594-1.038c0.5-0.5,0.808-1.002,1.038-1.594c0.222-0.572,0.375-1.227,0.418-2.185 C20.99,14.751,21,14.444,21,12s-0.01-2.751-0.054-3.711c-0.044-0.958-0.196-1.612-0.418-2.185c-0.23-0.592-0.538-1.094-1.038-1.594 c-0.5-0.5-1.002-0.808-1.594-1.038c-0.572-0.222-1.227-0.375-2.185-0.418C14.751,3.01,14.444,3,12,3L12,3z M12,7.378 c-2.552,0-4.622,2.069-4.622,4.622S9.448,16.622,12,16.622s4.622-2.069,4.622-4.622S14.552,7.378,12,7.378z M12,15 c-1.657,0-3-1.343-3-3s1.343-3,3-3s3,1.343,3,3S13.657,15,12,15z M16.804,6.116c-0.596,0-1.08,0.484-1.08,1.08 s0.484,1.08,1.08,1.08c0.596,0,1.08-0.484,1.08-1.08S17.401,6.116,16.804,6.116z\"><\/path><\/svg><span class=\"wp-block-social-link-label screen-reader-text\">Instagram<\/span><\/a><\/li><\/ul>\n<\/div>\n\n<div class=\"wp-block-group alignfull has-accent-4-background-color has-background has-global-padding is-layout-constrained wp-container-core-group-is-layout-ed5e8923 wp-block-group-is-layout-constrained\" style=\"margin-top:var(--wp--preset--spacing--20);margin-bottom:0;padding-top:var(--wp--preset--spacing--20);padding-right:var(--wp--preset--spacing--20);padding-bottom:var(--wp--preset--spacing--20);padding-left:var(--wp--preset--spacing--20)\">\n<div class=\"wp-block-group has-global-padding is-layout-constrained wp-container-core-group-is-layout-c385debf wp-block-group-is-layout-constrained\" style=\"padding-top:var(--wp--preset--spacing--20);padding-right:var(--wp--preset--spacing--20);padding-bottom:var(--wp--preset--spacing--20);padding-left:var(--wp--preset--spacing--20)\">\n<h2 class=\"wp-block-heading has-text-align-center\">Tambi\u00e9n te puede <mark style=\"background-color:rgba(0, 0, 0, 0);color:#1d1d1b\" class=\"has-inline-color\">interesar\u2026<\/mark><\/h2>\n\n\n\n<div class=\"wp-block-group has-global-padding is-layout-constrained wp-container-core-group-is-layout-c385debf wp-block-group-is-layout-constrained\" style=\"padding-top:var(--wp--preset--spacing--20);padding-right:var(--wp--preset--spacing--20);padding-bottom:var(--wp--preset--spacing--20);padding-left:var(--wp--preset--spacing--20)\">\n<div class=\"wp-block-columns is-layout-flex wp-container-core-columns-is-layout-28f84493 wp-block-columns-is-layout-flex\">\n<div class=\"wp-block-column is-layout-flow wp-block-column-is-layout-flow\">\n<figure class=\"wp-block-image aligncenter size-full has-custom-border\"><img loading=\"lazy\" decoding=\"async\" width=\"2560\" height=\"1205\" src=\"https:\/\/www.tourisme-volvestre.fr\/wp-content\/uploads\/2025\/07\/PXL_20250704_162729909-Copie-1.jpg\" alt=\"\" class=\"wp-image-7421\" style=\"border-radius:25px;aspect-ratio:1;object-fit:cover\" srcset=\"https:\/\/www.tourisme-volvestre.fr\/wp-content\/uploads\/2025\/07\/PXL_20250704_162729909-Copie-1.jpg 2560w, https:\/\/www.tourisme-volvestre.fr\/wp-content\/uploads\/2025\/07\/PXL_20250704_162729909-Copie-1-300x141.jpg 300w, https:\/\/www.tourisme-volvestre.fr\/wp-content\/uploads\/2025\/07\/PXL_20250704_162729909-Copie-1-1024x482.jpg 1024w, https:\/\/www.tourisme-volvestre.fr\/wp-content\/uploads\/2025\/07\/PXL_20250704_162729909-Copie-1-768x362.jpg 768w, https:\/\/www.tourisme-volvestre.fr\/wp-content\/uploads\/2025\/07\/PXL_20250704_162729909-Copie-1-1536x723.jpg 1536w, https:\/\/www.tourisme-volvestre.fr\/wp-content\/uploads\/2025\/07\/PXL_20250704_162729909-Copie-1-2048x964.jpg 2048w\" sizes=\"auto, (max-width: 2560px) 100vw, 2560px\" \/><figcaption class=\"wp-element-caption\">La Oficina de Turismo @OTIduVolvestre<\/figcaption><\/figure>\n\n\n\n<div class=\"wp-block-buttons is-content-justification-center is-layout-flex wp-container-core-buttons-is-layout-a89b3969 wp-block-buttons-is-layout-flex\">\n<div class=\"wp-block-button\"><a class=\"wp-block-button__link wp-element-button\" href=\"https:\/\/www.tourisme-volvestre.fr\/es\/nuestro-equipo\/\">Nuestro equipo<\/a><\/div>\n<\/div>\n<\/div>\n\n\n\n<div class=\"wp-block-column is-layout-flow wp-block-column-is-layout-flow\">\n<figure class=\"wp-block-image aligncenter size-full has-custom-border\"><img loading=\"lazy\" decoding=\"async\" width=\"1850\" height=\"2560\" src=\"https:\/\/www.tourisme-volvestre.fr\/wp-content\/uploads\/2025\/06\/rieuxvolvestre_ambassadeur_campingplandeau@oti.jpg\" alt=\"\" class=\"wp-image-4949\" style=\"border-radius:25px;aspect-ratio:1;object-fit:cover\" srcset=\"https:\/\/www.tourisme-volvestre.fr\/wp-content\/uploads\/2025\/06\/rieuxvolvestre_ambassadeur_campingplandeau@oti.jpg 1850w, https:\/\/www.tourisme-volvestre.fr\/wp-content\/uploads\/2025\/06\/rieuxvolvestre_ambassadeur_campingplandeau@oti-217x300.jpg 217w, https:\/\/www.tourisme-volvestre.fr\/wp-content\/uploads\/2025\/06\/rieuxvolvestre_ambassadeur_campingplandeau@oti-740x1024.jpg 740w, https:\/\/www.tourisme-volvestre.fr\/wp-content\/uploads\/2025\/06\/rieuxvolvestre_ambassadeur_campingplandeau@oti-768x1063.jpg 768w, https:\/\/www.tourisme-volvestre.fr\/wp-content\/uploads\/2025\/06\/rieuxvolvestre_ambassadeur_campingplandeau@oti-1110x1536.jpg 1110w, https:\/\/www.tourisme-volvestre.fr\/wp-content\/uploads\/2025\/06\/rieuxvolvestre_ambassadeur_campingplandeau@oti-1480x2048.jpg 1480w\" sizes=\"auto, (max-width: 1850px) 100vw, 1850px\" \/><figcaption class=\"wp-element-caption\">Camping Le Plan d&#8217;eau \u00e0 Rieux-Volvestre<\/figcaption><\/figure>\n\n\n\n<div class=\"wp-block-buttons is-content-justification-center is-layout-flex wp-container-core-buttons-is-layout-a89b3969 wp-block-buttons-is-layout-flex\">\n<div class=\"wp-block-button\"><a class=\"wp-block-button__link wp-element-button\" href=\"https:\/\/www.tourisme-volvestre.fr\/es\/la-red-de-embajadores\/\">La red de embajadores<\/a><\/div>\n<\/div>\n<\/div>\n\n\n\n<div class=\"wp-block-column is-layout-flow wp-block-column-is-layout-flow\">\n<figure class=\"wp-block-image aligncenter size-full has-custom-border\"><img loading=\"lazy\" decoding=\"async\" width=\"587\" height=\"1172\" src=\"https:\/\/www.tourisme-volvestre.fr\/wp-content\/uploads\/2025\/06\/20241112_VD_recto_carte_activites_pleine_nature_page-0001-1.jpg\" alt=\"\" class=\"wp-image-5245\" style=\"border-radius:25px;aspect-ratio:1;object-fit:cover\" srcset=\"https:\/\/www.tourisme-volvestre.fr\/wp-content\/uploads\/2025\/06\/20241112_VD_recto_carte_activites_pleine_nature_page-0001-1.jpg 587w, https:\/\/www.tourisme-volvestre.fr\/wp-content\/uploads\/2025\/06\/20241112_VD_recto_carte_activites_pleine_nature_page-0001-1-150x300.jpg 150w, https:\/\/www.tourisme-volvestre.fr\/wp-content\/uploads\/2025\/06\/20241112_VD_recto_carte_activites_pleine_nature_page-0001-1-513x1024.jpg 513w\" sizes=\"auto, (max-width: 587px) 100vw, 587px\" \/><figcaption class=\"wp-element-caption\">@MathieuCalviac y @PaulaBearzotti<\/figcaption><\/figure>\n\n\n\n<div class=\"wp-block-buttons is-content-justification-center is-layout-flex wp-container-core-buttons-is-layout-a89b3969 wp-block-buttons-is-layout-flex\">\n<div class=\"wp-block-button\"><a class=\"wp-block-button__link wp-element-button\" href=\"https:\/\/www.tourisme-volvestre.fr\/es\/como-venir\/\">\u00bfC\u00f3mo venir?<\/a><\/div>\n<\/div>\n<\/div>\n<\/div>\n<\/div>\n<\/div>\n<\/div>\n","protected":false},"excerpt":{"rendered":"<p>\u00a1 A partir del 1 de octubre de 2025, la Oficina de Turismo Intercomunal del Volvestre adapta sus horarios de apertura para acogeros mejor durante todo el a\u00f1o ! Nuestro nuevo horario de apertura : Fuera de las vacaciones escolares Vacaciones escolares (zona A, zona B y zona C) Lunes : Cerrado al p\u00fablicoMartes : [&hellip;]<\/p>\n","protected":false},"author":5,"featured_media":10728,"comment_status":"closed","ping_status":"closed","sticky":false,"template":"","format":"standard","meta":{"_acf_changed":false,"inline_featured_image":false,"footnotes":""},"categories":[109],"tags":[],"class_list":["post-10714","post","type-post","status-publish","format-standard","has-post-thumbnail","hentry","category-actualidad"],"acf":[],"yoast_head":"<!-- This site is optimized with the Yoast SEO plugin v27.3 - https:\/\/yoast.com\/product\/yoast-seo-wordpress\/ -->\n<title>Nuestro nuevo horario - Volvestre Tourisme<\/title>\n<meta name=\"description\" content=\"A partir del 1 de octubre de 2025, la Oficina de Turismo Intercomunal del Volvestre modifica su horario de apertura para ofrecerle un mejor servicio.\" \/>\n<meta name=\"robots\" content=\"index, follow, max-snippet:-1, max-image-preview:large, max-video-preview:-1\" \/>\n<link rel=\"canonical\" href=\"https:\/\/www.tourisme-volvestre.fr\/es\/nuestro-nuevo-horario\/\" \/>\n<meta property=\"og:locale\" content=\"es_ES\" \/>\n<meta property=\"og:type\" content=\"article\" \/>\n<meta property=\"og:title\" content=\"Nuestro nuevo horario - Volvestre Tourisme\" \/>\n<meta property=\"og:description\" content=\"A partir del 1 de octubre de 2025, la Oficina de Turismo Intercomunal del Volvestre modifica su horario de apertura para ofrecerle un mejor servicio.\" \/>\n<meta property=\"og:url\" content=\"https:\/\/www.tourisme-volvestre.fr\/es\/nuestro-nuevo-horario\/\" \/>\n<meta property=\"og:site_name\" content=\"Volvestre Tourisme\" \/>\n<meta property=\"article:publisher\" content=\"https:\/\/www.facebook.com\/TourismeVolvestre\" \/>\n<meta property=\"article:published_time\" content=\"2025-09-26T09:53:38+00:00\" \/>\n<meta property=\"article:modified_time\" content=\"2026-01-09T09:21:56+00:00\" \/>\n<meta property=\"og:image\" content=\"https:\/\/www.tourisme-volvestre.fr\/wp-content\/uploads\/2025\/09\/2-rieuxvolvestre_oti_interieur-2.jpg\" \/>\n\t<meta property=\"og:image:width\" content=\"2560\" \/>\n\t<meta property=\"og:image:height\" content=\"1204\" \/>\n\t<meta property=\"og:image:type\" content=\"image\/jpeg\" \/>\n<meta name=\"author\" content=\"Arthur POUGET TRIEP-CAPDEVILLE\" \/>\n<meta name=\"twitter:card\" content=\"summary_large_image\" \/>\n<meta name=\"twitter:label1\" content=\"Escrito por\" \/>\n\t<meta name=\"twitter:data1\" content=\"Arthur POUGET TRIEP-CAPDEVILLE\" \/>\n\t<meta name=\"twitter:label2\" content=\"Tiempo de lectura\" \/>\n\t<meta name=\"twitter:data2\" content=\"1 minuto\" \/>\n<script type=\"application\/ld+json\" class=\"yoast-schema-graph\">{\"@context\":\"https:\\\/\\\/schema.org\",\"@graph\":[{\"@type\":\"Article\",\"@id\":\"https:\\\/\\\/www.tourisme-volvestre.fr\\\/es\\\/nuestro-nuevo-horario\\\/#article\",\"isPartOf\":{\"@id\":\"https:\\\/\\\/www.tourisme-volvestre.fr\\\/es\\\/nuestro-nuevo-horario\\\/\"},\"author\":{\"name\":\"Arthur POUGET TRIEP-CAPDEVILLE\",\"@id\":\"https:\\\/\\\/www.tourisme-volvestre.fr\\\/es\\\/#\\\/schema\\\/person\\\/173496b7124a9995564c4af288b64c0c\"},\"headline\":\"Nuestro nuevo horario\",\"datePublished\":\"2025-09-26T09:53:38+00:00\",\"dateModified\":\"2026-01-09T09:21:56+00:00\",\"mainEntityOfPage\":{\"@id\":\"https:\\\/\\\/www.tourisme-volvestre.fr\\\/es\\\/nuestro-nuevo-horario\\\/\"},\"wordCount\":237,\"publisher\":{\"@id\":\"https:\\\/\\\/www.tourisme-volvestre.fr\\\/es\\\/#organization\"},\"image\":{\"@id\":\"https:\\\/\\\/www.tourisme-volvestre.fr\\\/es\\\/nuestro-nuevo-horario\\\/#primaryimage\"},\"thumbnailUrl\":\"https:\\\/\\\/www.tourisme-volvestre.fr\\\/wp-content\\\/uploads\\\/2025\\\/09\\\/2-rieuxvolvestre_oti_interieur-2.jpg\",\"articleSection\":[\"Actualidad\"],\"inLanguage\":\"es\"},{\"@type\":\"WebPage\",\"@id\":\"https:\\\/\\\/www.tourisme-volvestre.fr\\\/es\\\/nuestro-nuevo-horario\\\/\",\"url\":\"https:\\\/\\\/www.tourisme-volvestre.fr\\\/es\\\/nuestro-nuevo-horario\\\/\",\"name\":\"Nuestro nuevo horario - Volvestre Tourisme\",\"isPartOf\":{\"@id\":\"https:\\\/\\\/www.tourisme-volvestre.fr\\\/es\\\/#website\"},\"primaryImageOfPage\":{\"@id\":\"https:\\\/\\\/www.tourisme-volvestre.fr\\\/es\\\/nuestro-nuevo-horario\\\/#primaryimage\"},\"image\":{\"@id\":\"https:\\\/\\\/www.tourisme-volvestre.fr\\\/es\\\/nuestro-nuevo-horario\\\/#primaryimage\"},\"thumbnailUrl\":\"https:\\\/\\\/www.tourisme-volvestre.fr\\\/wp-content\\\/uploads\\\/2025\\\/09\\\/2-rieuxvolvestre_oti_interieur-2.jpg\",\"datePublished\":\"2025-09-26T09:53:38+00:00\",\"dateModified\":\"2026-01-09T09:21:56+00:00\",\"description\":\"A partir del 1 de octubre de 2025, la Oficina de Turismo Intercomunal del Volvestre modifica su horario de apertura para ofrecerle un mejor servicio.\",\"breadcrumb\":{\"@id\":\"https:\\\/\\\/www.tourisme-volvestre.fr\\\/es\\\/nuestro-nuevo-horario\\\/#breadcrumb\"},\"inLanguage\":\"es\",\"potentialAction\":[{\"@type\":\"ReadAction\",\"target\":[\"https:\\\/\\\/www.tourisme-volvestre.fr\\\/es\\\/nuestro-nuevo-horario\\\/\"]}]},{\"@type\":\"ImageObject\",\"inLanguage\":\"es\",\"@id\":\"https:\\\/\\\/www.tourisme-volvestre.fr\\\/es\\\/nuestro-nuevo-horario\\\/#primaryimage\",\"url\":\"https:\\\/\\\/www.tourisme-volvestre.fr\\\/wp-content\\\/uploads\\\/2025\\\/09\\\/2-rieuxvolvestre_oti_interieur-2.jpg\",\"contentUrl\":\"https:\\\/\\\/www.tourisme-volvestre.fr\\\/wp-content\\\/uploads\\\/2025\\\/09\\\/2-rieuxvolvestre_oti_interieur-2.jpg\",\"width\":2560,\"height\":1204},{\"@type\":\"BreadcrumbList\",\"@id\":\"https:\\\/\\\/www.tourisme-volvestre.fr\\\/es\\\/nuestro-nuevo-horario\\\/#breadcrumb\",\"itemListElement\":[{\"@type\":\"ListItem\",\"position\":1,\"name\":\"Accueil\",\"item\":\"https:\\\/\\\/www.tourisme-volvestre.fr\\\/es\\\/?lang=es\"},{\"@type\":\"ListItem\",\"position\":2,\"name\":\"Actualidad\",\"item\":\"https:\\\/\\\/www.tourisme-volvestre.fr\\\/es\\\/category\\\/actualidad\\\/\"},{\"@type\":\"ListItem\",\"position\":3,\"name\":\"Nuestro nuevo horario\"}]},{\"@type\":\"WebSite\",\"@id\":\"https:\\\/\\\/www.tourisme-volvestre.fr\\\/es\\\/#website\",\"url\":\"https:\\\/\\\/www.tourisme-volvestre.fr\\\/es\\\/\",\"name\":\"Volvestre Tourisme\",\"description\":\"\",\"publisher\":{\"@id\":\"https:\\\/\\\/www.tourisme-volvestre.fr\\\/es\\\/#organization\"},\"alternateName\":\"OT Volvestre\",\"potentialAction\":[{\"@type\":\"SearchAction\",\"target\":{\"@type\":\"EntryPoint\",\"urlTemplate\":\"https:\\\/\\\/www.tourisme-volvestre.fr\\\/es\\\/?s={search_term_string}\"},\"query-input\":{\"@type\":\"PropertyValueSpecification\",\"valueRequired\":true,\"valueName\":\"search_term_string\"}}],\"inLanguage\":\"es\"},{\"@type\":\"Organization\",\"@id\":\"https:\\\/\\\/www.tourisme-volvestre.fr\\\/es\\\/#organization\",\"name\":\"Volvestre Tourisme\",\"url\":\"https:\\\/\\\/www.tourisme-volvestre.fr\\\/es\\\/\",\"logo\":{\"@type\":\"ImageObject\",\"inLanguage\":\"es\",\"@id\":\"https:\\\/\\\/www.tourisme-volvestre.fr\\\/es\\\/#\\\/schema\\\/logo\\\/image\\\/\",\"url\":\"https:\\\/\\\/www.tourisme-volvestre.fr\\\/wp-content\\\/uploads\\\/2025\\\/02\\\/logo-site.png\",\"contentUrl\":\"https:\\\/\\\/www.tourisme-volvestre.fr\\\/wp-content\\\/uploads\\\/2025\\\/02\\\/logo-site.png\",\"width\":152,\"height\":152,\"caption\":\"Volvestre Tourisme\"},\"image\":{\"@id\":\"https:\\\/\\\/www.tourisme-volvestre.fr\\\/es\\\/#\\\/schema\\\/logo\\\/image\\\/\"},\"sameAs\":[\"https:\\\/\\\/www.facebook.com\\\/TourismeVolvestre\",\"https:\\\/\\\/www.instagram.com\\\/tourismevolvestre\"]},{\"@type\":\"Person\",\"@id\":\"https:\\\/\\\/www.tourisme-volvestre.fr\\\/es\\\/#\\\/schema\\\/person\\\/173496b7124a9995564c4af288b64c0c\",\"name\":\"Arthur POUGET TRIEP-CAPDEVILLE\",\"image\":{\"@type\":\"ImageObject\",\"inLanguage\":\"es\",\"@id\":\"https:\\\/\\\/secure.gravatar.com\\\/avatar\\\/4fed3b27571b04e509bea737371678fb83645b915b93ab8aeb4a5a4be58f730d?s=96&d=mm&r=g\",\"url\":\"https:\\\/\\\/secure.gravatar.com\\\/avatar\\\/4fed3b27571b04e509bea737371678fb83645b915b93ab8aeb4a5a4be58f730d?s=96&d=mm&r=g\",\"contentUrl\":\"https:\\\/\\\/secure.gravatar.com\\\/avatar\\\/4fed3b27571b04e509bea737371678fb83645b915b93ab8aeb4a5a4be58f730d?s=96&d=mm&r=g\",\"caption\":\"Arthur POUGET TRIEP-CAPDEVILLE\"}}]}<\/script>\n<!-- \/ Yoast SEO plugin. -->","yoast_head_json":{"title":"Nuestro nuevo horario - Volvestre Tourisme","description":"A partir del 1 de octubre de 2025, la Oficina de Turismo Intercomunal del Volvestre modifica su horario de apertura para ofrecerle un mejor servicio.","robots":{"index":"index","follow":"follow","max-snippet":"max-snippet:-1","max-image-preview":"max-image-preview:large","max-video-preview":"max-video-preview:-1"},"canonical":"https:\/\/www.tourisme-volvestre.fr\/es\/nuestro-nuevo-horario\/","og_locale":"es_ES","og_type":"article","og_title":"Nuestro nuevo horario - Volvestre Tourisme","og_description":"A partir del 1 de octubre de 2025, la Oficina de Turismo Intercomunal del Volvestre modifica su horario de apertura para ofrecerle un mejor servicio.","og_url":"https:\/\/www.tourisme-volvestre.fr\/es\/nuestro-nuevo-horario\/","og_site_name":"Volvestre Tourisme","article_publisher":"https:\/\/www.facebook.com\/TourismeVolvestre","article_published_time":"2025-09-26T09:53:38+00:00","article_modified_time":"2026-01-09T09:21:56+00:00","og_image":[{"width":2560,"height":1204,"url":"https:\/\/www.tourisme-volvestre.fr\/wp-content\/uploads\/2025\/09\/2-rieuxvolvestre_oti_interieur-2.jpg","type":"image\/jpeg"}],"author":"Arthur POUGET TRIEP-CAPDEVILLE","twitter_card":"summary_large_image","twitter_misc":{"Escrito por":"Arthur POUGET TRIEP-CAPDEVILLE","Tiempo de lectura":"1 minuto"},"schema":{"@context":"https:\/\/schema.org","@graph":[{"@type":"Article","@id":"https:\/\/www.tourisme-volvestre.fr\/es\/nuestro-nuevo-horario\/#article","isPartOf":{"@id":"https:\/\/www.tourisme-volvestre.fr\/es\/nuestro-nuevo-horario\/"},"author":{"name":"Arthur POUGET TRIEP-CAPDEVILLE","@id":"https:\/\/www.tourisme-volvestre.fr\/es\/#\/schema\/person\/173496b7124a9995564c4af288b64c0c"},"headline":"Nuestro nuevo horario","datePublished":"2025-09-26T09:53:38+00:00","dateModified":"2026-01-09T09:21:56+00:00","mainEntityOfPage":{"@id":"https:\/\/www.tourisme-volvestre.fr\/es\/nuestro-nuevo-horario\/"},"wordCount":237,"publisher":{"@id":"https:\/\/www.tourisme-volvestre.fr\/es\/#organization"},"image":{"@id":"https:\/\/www.tourisme-volvestre.fr\/es\/nuestro-nuevo-horario\/#primaryimage"},"thumbnailUrl":"https:\/\/www.tourisme-volvestre.fr\/wp-content\/uploads\/2025\/09\/2-rieuxvolvestre_oti_interieur-2.jpg","articleSection":["Actualidad"],"inLanguage":"es"},{"@type":"WebPage","@id":"https:\/\/www.tourisme-volvestre.fr\/es\/nuestro-nuevo-horario\/","url":"https:\/\/www.tourisme-volvestre.fr\/es\/nuestro-nuevo-horario\/","name":"Nuestro nuevo horario - Volvestre Tourisme","isPartOf":{"@id":"https:\/\/www.tourisme-volvestre.fr\/es\/#website"},"primaryImageOfPage":{"@id":"https:\/\/www.tourisme-volvestre.fr\/es\/nuestro-nuevo-horario\/#primaryimage"},"image":{"@id":"https:\/\/www.tourisme-volvestre.fr\/es\/nuestro-nuevo-horario\/#primaryimage"},"thumbnailUrl":"https:\/\/www.tourisme-volvestre.fr\/wp-content\/uploads\/2025\/09\/2-rieuxvolvestre_oti_interieur-2.jpg","datePublished":"2025-09-26T09:53:38+00:00","dateModified":"2026-01-09T09:21:56+00:00","description":"A partir del 1 de octubre de 2025, la Oficina de Turismo Intercomunal del Volvestre modifica su horario de apertura para ofrecerle un mejor servicio.","breadcrumb":{"@id":"https:\/\/www.tourisme-volvestre.fr\/es\/nuestro-nuevo-horario\/#breadcrumb"},"inLanguage":"es","potentialAction":[{"@type":"ReadAction","target":["https:\/\/www.tourisme-volvestre.fr\/es\/nuestro-nuevo-horario\/"]}]},{"@type":"ImageObject","inLanguage":"es","@id":"https:\/\/www.tourisme-volvestre.fr\/es\/nuestro-nuevo-horario\/#primaryimage","url":"https:\/\/www.tourisme-volvestre.fr\/wp-content\/uploads\/2025\/09\/2-rieuxvolvestre_oti_interieur-2.jpg","contentUrl":"https:\/\/www.tourisme-volvestre.fr\/wp-content\/uploads\/2025\/09\/2-rieuxvolvestre_oti_interieur-2.jpg","width":2560,"height":1204},{"@type":"BreadcrumbList","@id":"https:\/\/www.tourisme-volvestre.fr\/es\/nuestro-nuevo-horario\/#breadcrumb","itemListElement":[{"@type":"ListItem","position":1,"name":"Accueil","item":"https:\/\/www.tourisme-volvestre.fr\/es\/?lang=es"},{"@type":"ListItem","position":2,"name":"Actualidad","item":"https:\/\/www.tourisme-volvestre.fr\/es\/category\/actualidad\/"},{"@type":"ListItem","position":3,"name":"Nuestro nuevo horario"}]},{"@type":"WebSite","@id":"https:\/\/www.tourisme-volvestre.fr\/es\/#website","url":"https:\/\/www.tourisme-volvestre.fr\/es\/","name":"Volvestre Tourisme","description":"","publisher":{"@id":"https:\/\/www.tourisme-volvestre.fr\/es\/#organization"},"alternateName":"OT Volvestre","potentialAction":[{"@type":"SearchAction","target":{"@type":"EntryPoint","urlTemplate":"https:\/\/www.tourisme-volvestre.fr\/es\/?s={search_term_string}"},"query-input":{"@type":"PropertyValueSpecification","valueRequired":true,"valueName":"search_term_string"}}],"inLanguage":"es"},{"@type":"Organization","@id":"https:\/\/www.tourisme-volvestre.fr\/es\/#organization","name":"Volvestre Tourisme","url":"https:\/\/www.tourisme-volvestre.fr\/es\/","logo":{"@type":"ImageObject","inLanguage":"es","@id":"https:\/\/www.tourisme-volvestre.fr\/es\/#\/schema\/logo\/image\/","url":"https:\/\/www.tourisme-volvestre.fr\/wp-content\/uploads\/2025\/02\/logo-site.png","contentUrl":"https:\/\/www.tourisme-volvestre.fr\/wp-content\/uploads\/2025\/02\/logo-site.png","width":152,"height":152,"caption":"Volvestre Tourisme"},"image":{"@id":"https:\/\/www.tourisme-volvestre.fr\/es\/#\/schema\/logo\/image\/"},"sameAs":["https:\/\/www.facebook.com\/TourismeVolvestre","https:\/\/www.instagram.com\/tourismevolvestre"]},{"@type":"Person","@id":"https:\/\/www.tourisme-volvestre.fr\/es\/#\/schema\/person\/173496b7124a9995564c4af288b64c0c","name":"Arthur POUGET TRIEP-CAPDEVILLE","image":{"@type":"ImageObject","inLanguage":"es","@id":"https:\/\/secure.gravatar.com\/avatar\/4fed3b27571b04e509bea737371678fb83645b915b93ab8aeb4a5a4be58f730d?s=96&d=mm&r=g","url":"https:\/\/secure.gravatar.com\/avatar\/4fed3b27571b04e509bea737371678fb83645b915b93ab8aeb4a5a4be58f730d?s=96&d=mm&r=g","contentUrl":"https:\/\/secure.gravatar.com\/avatar\/4fed3b27571b04e509bea737371678fb83645b915b93ab8aeb4a5a4be58f730d?s=96&d=mm&r=g","caption":"Arthur POUGET TRIEP-CAPDEVILLE"}}]}},"_links":{"self":[{"href":"https:\/\/www.tourisme-volvestre.fr\/es\/wp-json\/wp\/v2\/posts\/10714","targetHints":{"allow":["GET"]}}],"collection":[{"href":"https:\/\/www.tourisme-volvestre.fr\/es\/wp-json\/wp\/v2\/posts"}],"about":[{"href":"https:\/\/www.tourisme-volvestre.fr\/es\/wp-json\/wp\/v2\/types\/post"}],"author":[{"embeddable":true,"href":"https:\/\/www.tourisme-volvestre.fr\/es\/wp-json\/wp\/v2\/users\/5"}],"replies":[{"embeddable":true,"href":"https:\/\/www.tourisme-volvestre.fr\/es\/wp-json\/wp\/v2\/comments?post=10714"}],"version-history":[{"count":4,"href":"https:\/\/www.tourisme-volvestre.fr\/es\/wp-json\/wp\/v2\/posts\/10714\/revisions"}],"predecessor-version":[{"id":11140,"href":"https:\/\/www.tourisme-volvestre.fr\/es\/wp-json\/wp\/v2\/posts\/10714\/revisions\/11140"}],"wp:featuredmedia":[{"embeddable":true,"href":"https:\/\/www.tourisme-volvestre.fr\/es\/wp-json\/wp\/v2\/media\/10728"}],"wp:attachment":[{"href":"https:\/\/www.tourisme-volvestre.fr\/es\/wp-json\/wp\/v2\/media?parent=10714"}],"wp:term":[{"taxonomy":"category","embeddable":true,"href":"https:\/\/www.tourisme-volvestre.fr\/es\/wp-json\/wp\/v2\/categories?post=10714"},{"taxonomy":"post_tag","embeddable":true,"href":"https:\/\/www.tourisme-volvestre.fr\/es\/wp-json\/wp\/v2\/tags?post=10714"}],"curies":[{"name":"wp","href":"https:\/\/api.w.org\/{rel}","templated":true}]}}