{"id":10804,"date":"2025-10-14T16:31:34","date_gmt":"2025-10-14T14:31:34","guid":{"rendered":"https:\/\/www.tourisme-volvestre.fr\/proyecto-de-restauracion-en-volvestre\/"},"modified":"2025-10-31T12:19:04","modified_gmt":"2025-10-31T11:19:04","slug":"proyecto-de-restauracion-en-volvestre","status":"publish","type":"post","link":"https:\/\/www.tourisme-volvestre.fr\/es\/proyecto-de-restauracion-en-volvestre\/","title":{"rendered":"Proyecto de restauraci\u00f3n en Volvestre"},"content":{"rendered":"\n<p>Descubra el proyecto de restauraci\u00f3n de la Maison d&#8217;Alphonse de Poitiers, catalogada como Monumento Hist\u00f3rico, situada en Saint-Sulpice-sur-L\u00e8ze. <\/p>\n\n<div class=\"wp-block-columns is-layout-flex wp-container-core-columns-is-layout-28f84493 wp-block-columns-is-layout-flex\">\n<div class=\"wp-block-column is-layout-flow wp-block-column-is-layout-flow\">\n<figure class=\"wp-block-image aligncenter size-full is-resized is-style-rounded is-style-rounded--1\"><img loading=\"lazy\" decoding=\"async\" width=\"750\" height=\"500\" src=\"https:\/\/www.tourisme-volvestre.fr\/wp-content\/uploads\/2025\/10\/medium_IMG_3512_cr_d1010eb1cc.jpg\" alt=\"\" class=\"wp-image-10790\" style=\"aspect-ratio:0.75;object-fit:cover;width:296px;height:auto\" srcset=\"https:\/\/www.tourisme-volvestre.fr\/wp-content\/uploads\/2025\/10\/medium_IMG_3512_cr_d1010eb1cc.jpg 750w, https:\/\/www.tourisme-volvestre.fr\/wp-content\/uploads\/2025\/10\/medium_IMG_3512_cr_d1010eb1cc-300x200.jpg 300w\" sizes=\"auto, (max-width: 750px) 100vw, 750px\" \/><figcaption class=\"wp-element-caption\">Maison d&#8217;Alphonse de Poitiers @derechosreservados<\/figcaption><\/figure>\n<\/div>\n\n\n\n<div class=\"wp-block-column is-layout-flow wp-block-column-is-layout-flow\">\n<figure class=\"wp-block-image aligncenter size-full is-resized is-style-rounded is-style-rounded--2\"><img loading=\"lazy\" decoding=\"async\" width=\"750\" height=\"500\" src=\"https:\/\/www.tourisme-volvestre.fr\/wp-content\/uploads\/2025\/10\/medium_IMG_2649_cr_2799f5101f.jpg\" alt=\"\" class=\"wp-image-10793\" style=\"aspect-ratio:0.75;object-fit:cover;width:296px;height:auto\" srcset=\"https:\/\/www.tourisme-volvestre.fr\/wp-content\/uploads\/2025\/10\/medium_IMG_2649_cr_2799f5101f.jpg 750w, https:\/\/www.tourisme-volvestre.fr\/wp-content\/uploads\/2025\/10\/medium_IMG_2649_cr_2799f5101f-300x200.jpg 300w\" sizes=\"auto, (max-width: 750px) 100vw, 750px\" \/><figcaption class=\"wp-element-caption\">@derechosreservados <\/figcaption><\/figure>\n<\/div>\n\n\n\n<div class=\"wp-block-column is-layout-flow wp-block-column-is-layout-flow\">\n<figure class=\"wp-block-image aligncenter size-full is-resized is-style-rounded is-style-rounded--3\"><img loading=\"lazy\" decoding=\"async\" width=\"750\" height=\"500\" src=\"https:\/\/www.tourisme-volvestre.fr\/wp-content\/uploads\/2025\/10\/medium_IMG_7113_cr_7b1dc84486.jpg\" alt=\"\" class=\"wp-image-10796\" style=\"aspect-ratio:0.75;object-fit:cover;width:296px;height:auto\" srcset=\"https:\/\/www.tourisme-volvestre.fr\/wp-content\/uploads\/2025\/10\/medium_IMG_7113_cr_7b1dc84486.jpg 750w, https:\/\/www.tourisme-volvestre.fr\/wp-content\/uploads\/2025\/10\/medium_IMG_7113_cr_7b1dc84486-300x200.jpg 300w\" sizes=\"auto, (max-width: 750px) 100vw, 750px\" \/><figcaption class=\"wp-element-caption\">Fachada de la Maison @derechosreservados <\/figcaption><\/figure>\n<\/div>\n<\/div>\n\n<h2 class=\"wp-block-heading has-text-align-center\">Un pueblo con car\u00e1cter que no te puedes perder<\/h2>\n\n<p class=\"has-text-align-center\">Cerca de <a href=\"https:\/\/www.toulouse-tourisme.com\/\">Toulouse <\/a>, Saint-Sulpice-sur-L\u00e8ze es un destino imprescindible en Volvestre. T\u00edpica del suroeste, esta pintoresca ciudad fortificada le cautivar\u00e1 con su ambiente, su cordialidad y su extraordinario patrimonio arquitect\u00f3nico. Pasee bajo sus soportales, si\u00e9ntese en la terraza de nuestros <a href=\"https:\/\/www.tourisme-volvestre.fr\/donde-comer-en-volvestre\/?lang=es\">restaurantes <\/a>, abra las puertas de las <a href=\"https:\/\/www.tourisme-volvestre.fr\/tiendas-de-artesania\/?lang=es\">tiendas de artesan\u00eda<\/a> o suba a las alturas para descubrir el majestuoso Moulin de Pesqui\u00e8s. Un destino donde el patrimonio es una verdadera joya que la ciudad y las asociaciones se esfuerzan por preservar y proteger. Un patrimonio que a veces merece ayuda para recuperar su brillo y perdurar en el tiempo.     <\/p>\n\n<figure class=\"wp-block-image aligncenter size-large is-style-rounded is-style-rounded--4\"><img loading=\"lazy\" decoding=\"async\" width=\"1024\" height=\"683\" src=\"https:\/\/www.tourisme-volvestre.fr\/wp-content\/uploads\/2025\/06\/saintsulpicesurleze_patrimoine_arcades_fig@pierrehonore-1024x683.jpg\" alt=\"\" class=\"wp-image-6722\" style=\"aspect-ratio:3;object-fit:cover\" srcset=\"https:\/\/www.tourisme-volvestre.fr\/wp-content\/uploads\/2025\/06\/saintsulpicesurleze_patrimoine_arcades_fig@pierrehonore-1024x683.jpg 1024w, https:\/\/www.tourisme-volvestre.fr\/wp-content\/uploads\/2025\/06\/saintsulpicesurleze_patrimoine_arcades_fig@pierrehonore-300x200.jpg 300w, https:\/\/www.tourisme-volvestre.fr\/wp-content\/uploads\/2025\/06\/saintsulpicesurleze_patrimoine_arcades_fig@pierrehonore-768x512.jpg 768w, https:\/\/www.tourisme-volvestre.fr\/wp-content\/uploads\/2025\/06\/saintsulpicesurleze_patrimoine_arcades_fig@pierrehonore-1536x1025.jpg 1536w, https:\/\/www.tourisme-volvestre.fr\/wp-content\/uploads\/2025\/06\/saintsulpicesurleze_patrimoine_arcades_fig@pierrehonore-2048x1366.jpg 2048w\" sizes=\"auto, (max-width: 1024px) 100vw, 1024px\" \/><figcaption class=\"wp-element-caption\">Arcadas de Saint-Sulpice-sur-L\u00e8ze @PierreHonor\u00e9<\/figcaption><\/figure>\n\n<h2 class=\"wp-block-heading has-text-align-center\">Una casa llena de la historia de este t\u00edpico pueblo del suroeste. <\/h2>\n\n<p class=\"has-text-align-center\">Construida en el siglo XIII, esta casa ha visto pasar a familias ilustres como Jacques Ayral, un acaudalado comerciante del siglo XVI y propietario de una f\u00e1brica de pasteles. Posteriormente, en los siglos XIX y XX, la familia Dohey, conocida por ser banqueros e ingenieros agr\u00edcolas, tambi\u00e9n se convirti\u00f3 en propietaria de esta casa de pueblo. Finalmente, la Maison d&#8217;Alphonse de Poitiers fue declarada Monumento Hist\u00f3rico en 1950, tanto por su arquitectura como por las familias que se asentaron all\u00ed.   <\/p>\n\n<div class=\"wp-block-columns is-layout-flex wp-container-core-columns-is-layout-28f84493 wp-block-columns-is-layout-flex\">\n<div class=\"wp-block-column is-layout-flow wp-block-column-is-layout-flow\">\n<p class=\"has-text-align-center has-contrast-2-color has-text-color has-link-color wp-elements-2686ad488d0dc08a6a528c90b8684afb\"><strong>La recaudaci\u00f3n de fondos tiene como objetivo : <\/strong><\/p>\n\n\n\n<ul class=\"wp-block-list\">\n<li>Realizar trabajos de restauraci\u00f3n de la carpinter\u00eda y de las aberturas exteriores de la Maison d&#8217;Alphonse de Poitiers. <\/li>\n\n\n\n<li>Aseg\u00farese de que el edificio est\u00e9 bien aislado.<\/li>\n\n\n\n<li>Combatir los problemas de impermeabilizaci\u00f3n <\/li>\n<\/ul>\n<\/div>\n\n\n\n<div class=\"wp-block-column is-vertically-aligned-center is-layout-flow wp-block-column-is-layout-flow\">\n<p class=\"has-text-align-center has-contrast-2-color has-text-color has-link-color wp-elements-cb5361bb64e81e16015442302bfe4554\"><strong>Este proyecto de restauraci\u00f3n tiene como objetivos : <\/strong><\/p>\n\n\n\n<ul class=\"wp-block-list\">\n<li>Preservar el extraordinario patrimonio de Saint-Sulpice-sur-L\u00e8ze <\/li>\n\n\n\n<li>Proteger el patrimonio construido para transmitirlo de generaci\u00f3n en generaci\u00f3n <\/li>\n\n\n\n<li>Garantizar la coherencia arquitect\u00f3nica de la bastida <\/li>\n<\/ul>\n<\/div>\n<\/div>\n\n<p class=\"has-text-align-center\">Si quieres participar en este proyecto. \u00a1 Descubre la campa\u00f1a de <strong>recaudaci\u00f3n de fondos<\/strong> lanzada por la Fondation du Patrimoine <a href=\"https:\/\/urls.fr\/OR4igP\" target=\"_blank\" rel=\"noreferrer noopener\">haciendo clic aqu\u00ed <\/a>! <\/p>\n\n<ul class=\"wp-block-list\"><\/ul>\n\n<div class=\"wp-block-group alignfull has-accent-4-background-color has-background has-global-padding is-layout-constrained wp-container-core-group-is-layout-ed5e8923 wp-block-group-is-layout-constrained\" style=\"margin-top:var(--wp--preset--spacing--20);margin-bottom:0;padding-top:var(--wp--preset--spacing--20);padding-right:var(--wp--preset--spacing--20);padding-bottom:var(--wp--preset--spacing--20);padding-left:var(--wp--preset--spacing--20)\">\n<h2 class=\"wp-block-heading has-text-align-center\">Tambi\u00e9n te puede interesar\u2026<\/h2>\n\n\n\n<div class=\"wp-block-group has-global-padding is-layout-constrained wp-container-core-group-is-layout-c385debf wp-block-group-is-layout-constrained\" style=\"padding-top:var(--wp--preset--spacing--20);padding-right:var(--wp--preset--spacing--20);padding-bottom:var(--wp--preset--spacing--20);padding-left:var(--wp--preset--spacing--20)\">\n<div class=\"wp-block-columns is-layout-flex wp-container-core-columns-is-layout-28f84493 wp-block-columns-is-layout-flex\">\n<div class=\"wp-block-column is-layout-flow wp-block-column-is-layout-flow\">\n<figure class=\"wp-block-image aligncenter size-full has-custom-border\"><img decoding=\"async\" src=\"https:\/\/www.tourisme-volvestre.fr\/wp-content\/uploads\/2025\/04\/rieuxvolvestre_patrimoine_pansdebois_fig_ete@thefrenchwanderers-1.jpg\" alt=\"Centro hist&#xF3;rico de Rieux-Volvestre, imprescindinble en Haute-Garonne\" class=\"wp-image-1380\" style=\"border-radius:25px;aspect-ratio:1;object-fit:cover\"\/><figcaption class=\"wp-element-caption\">Rieux-Volvestre @thefrenchwanderers<\/figcaption><\/figure>\n\n\n\n<div class=\"wp-block-buttons is-content-justification-center is-layout-flex wp-container-core-buttons-is-layout-a89b3969 wp-block-buttons-is-layout-flex\">\n<div class=\"wp-block-button\"><a class=\"wp-block-button__link wp-element-button\" href=\"https:\/\/www.tourisme-volvestre.fr\/nuestro-patrimonio\/?lang=es\">Nuestro patrimonio<\/a><\/div>\n<\/div>\n<\/div>\n\n\n\n<div class=\"wp-block-column is-layout-flow wp-block-column-is-layout-flow\">\n<figure class=\"wp-block-image aligncenter size-full has-custom-border\"><img loading=\"lazy\" decoding=\"async\" width=\"2560\" height=\"1707\" src=\"https:\/\/www.tourisme-volvestre.fr\/wp-content\/uploads\/2025\/08\/saintsulpicesurleze_moulin_piquenique@mathieucalviac.jpg\" alt=\"\" class=\"wp-image-8635\" style=\"border-radius:25px;aspect-ratio:1;object-fit:cover\" srcset=\"https:\/\/www.tourisme-volvestre.fr\/wp-content\/uploads\/2025\/08\/saintsulpicesurleze_moulin_piquenique@mathieucalviac.jpg 2560w, https:\/\/www.tourisme-volvestre.fr\/wp-content\/uploads\/2025\/08\/saintsulpicesurleze_moulin_piquenique@mathieucalviac-300x200.jpg 300w, https:\/\/www.tourisme-volvestre.fr\/wp-content\/uploads\/2025\/08\/saintsulpicesurleze_moulin_piquenique@mathieucalviac-1024x683.jpg 1024w, https:\/\/www.tourisme-volvestre.fr\/wp-content\/uploads\/2025\/08\/saintsulpicesurleze_moulin_piquenique@mathieucalviac-768x512.jpg 768w, https:\/\/www.tourisme-volvestre.fr\/wp-content\/uploads\/2025\/08\/saintsulpicesurleze_moulin_piquenique@mathieucalviac-1536x1024.jpg 1536w, https:\/\/www.tourisme-volvestre.fr\/wp-content\/uploads\/2025\/08\/saintsulpicesurleze_moulin_piquenique@mathieucalviac-2048x1366.jpg 2048w\" sizes=\"auto, (max-width: 2560px) 100vw, 2560px\" \/><figcaption class=\"wp-element-caption\">Molino de Pesqui\u00e8s @MathieuCalviac<\/figcaption><\/figure>\n\n\n\n<div class=\"wp-block-buttons is-content-justification-center is-layout-flex wp-container-core-buttons-is-layout-a89b3969 wp-block-buttons-is-layout-flex\">\n<div class=\"wp-block-button\"><a class=\"wp-block-button__link wp-element-button\" href=\"https:\/\/www.tourisme-volvestre.fr\/saint-sulpice-sur-leze\/?lang=es\">Saint-Sulpice-sur-L\u00e8ze<\/a><\/div>\n<\/div>\n<\/div>\n\n\n\n<div class=\"wp-block-column is-layout-flow wp-block-column-is-layout-flow\">\n<figure class=\"wp-block-image aligncenter size-full has-custom-border\"><img loading=\"lazy\" decoding=\"async\" width=\"1847\" height=\"2560\" src=\"https:\/\/www.tourisme-volvestre.fr\/wp-content\/uploads\/2025\/07\/montesquieuvolvestre_paysage_panorama_pyrenees_ete_pri@pierrehonore-2.jpg\" alt=\"\" class=\"wp-image-7245\" style=\"border-radius:25px;aspect-ratio:1;object-fit:cover\" srcset=\"https:\/\/www.tourisme-volvestre.fr\/wp-content\/uploads\/2025\/07\/montesquieuvolvestre_paysage_panorama_pyrenees_ete_pri@pierrehonore-2.jpg 1847w, https:\/\/www.tourisme-volvestre.fr\/wp-content\/uploads\/2025\/07\/montesquieuvolvestre_paysage_panorama_pyrenees_ete_pri@pierrehonore-2-216x300.jpg 216w, https:\/\/www.tourisme-volvestre.fr\/wp-content\/uploads\/2025\/07\/montesquieuvolvestre_paysage_panorama_pyrenees_ete_pri@pierrehonore-2-739x1024.jpg 739w, https:\/\/www.tourisme-volvestre.fr\/wp-content\/uploads\/2025\/07\/montesquieuvolvestre_paysage_panorama_pyrenees_ete_pri@pierrehonore-2-768x1064.jpg 768w, https:\/\/www.tourisme-volvestre.fr\/wp-content\/uploads\/2025\/07\/montesquieuvolvestre_paysage_panorama_pyrenees_ete_pri@pierrehonore-2-1108x1536.jpg 1108w, https:\/\/www.tourisme-volvestre.fr\/wp-content\/uploads\/2025\/07\/montesquieuvolvestre_paysage_panorama_pyrenees_ete_pri@pierrehonore-2-1478x2048.jpg 1478w\" sizes=\"auto, (max-width: 1847px) 100vw, 1847px\" \/><figcaption class=\"wp-element-caption\">Montesquieu-Volvestre @PierreHonor\u00e9<\/figcaption><\/figure>\n\n\n\n<div class=\"wp-block-buttons is-content-justification-center is-layout-flex wp-container-core-buttons-is-layout-a89b3969 wp-block-buttons-is-layout-flex\">\n<div class=\"wp-block-button\"><a class=\"wp-block-button__link wp-element-button\" href=\"https:\/\/www.tourisme-volvestre.fr\/nuestros-pueblos-y-ciudades-del-volvestre\/?lang=es\">Nuestros ciudades y pueblos<\/a><\/div>\n<\/div>\n<\/div>\n<\/div>\n<\/div>\n<\/div>\n","protected":false},"excerpt":{"rendered":"<p>Descubra el proyecto de restauraci\u00f3n de la Maison d&#8217;Alphonse de Poitiers, catalogada como Monumento Hist\u00f3rico, situada en Saint-Sulpice-sur-L\u00e8ze. Un pueblo con car\u00e1cter que no te puedes perder Cerca de Toulouse , Saint-Sulpice-sur-L\u00e8ze es un destino imprescindible en Volvestre. T\u00edpica del suroeste, esta pintoresca ciudad fortificada le cautivar\u00e1 con su ambiente, su cordialidad y su extraordinario [&hellip;]<\/p>\n","protected":false},"author":8,"featured_media":10792,"comment_status":"closed","ping_status":"closed","sticky":false,"template":"","format":"standard","meta":{"_acf_changed":false,"inline_featured_image":false,"footnotes":""},"categories":[109,66],"tags":[],"class_list":["post-10804","post","type-post","status-publish","format-standard","has-post-thumbnail","hentry","category-actualidad","category-patrimonio"],"acf":[],"yoast_head":"<!-- This site is optimized with the Yoast SEO plugin v27.3 - https:\/\/yoast.com\/product\/yoast-seo-wordpress\/ -->\n<title>Proyecto de restauraci\u00f3n en Volvestre - Volvestre Tourisme<\/title>\n<meta name=\"description\" content=\"\u00bfDesea preservar y proteger el patrimonio arquitect\u00f3nico de Saint-Sulpice-sur-L\u00e8ze en Volvestre? Descubra el proyecto de restauraci\u00f3n en curso.\" \/>\n<meta name=\"robots\" content=\"index, follow, max-snippet:-1, max-image-preview:large, max-video-preview:-1\" \/>\n<link rel=\"canonical\" href=\"https:\/\/www.tourisme-volvestre.fr\/es\/proyecto-de-restauracion-en-volvestre\/\" \/>\n<meta property=\"og:locale\" content=\"es_ES\" \/>\n<meta property=\"og:type\" content=\"article\" \/>\n<meta property=\"og:title\" content=\"Proyecto de restauraci\u00f3n en Volvestre - Volvestre Tourisme\" \/>\n<meta property=\"og:description\" content=\"\u00bfDesea preservar y proteger el patrimonio arquitect\u00f3nico de Saint-Sulpice-sur-L\u00e8ze en Volvestre? Descubra el proyecto de restauraci\u00f3n en curso.\" \/>\n<meta property=\"og:url\" content=\"https:\/\/www.tourisme-volvestre.fr\/es\/proyecto-de-restauracion-en-volvestre\/\" \/>\n<meta property=\"og:site_name\" content=\"Volvestre Tourisme\" \/>\n<meta property=\"article:publisher\" content=\"https:\/\/www.facebook.com\/TourismeVolvestre\" \/>\n<meta property=\"article:published_time\" content=\"2025-10-14T14:31:34+00:00\" \/>\n<meta property=\"article:modified_time\" content=\"2025-10-31T11:19:04+00:00\" \/>\n<meta property=\"og:image\" content=\"https:\/\/www.tourisme-volvestre.fr\/wp-content\/uploads\/2025\/10\/medium_IMG_3512_cr_d1010eb1cc.jpg\" \/>\n\t<meta property=\"og:image:width\" content=\"750\" \/>\n\t<meta property=\"og:image:height\" content=\"500\" \/>\n\t<meta property=\"og:image:type\" content=\"image\/jpeg\" \/>\n<meta name=\"author\" content=\"Oc\u00e9ane BOSC\" \/>\n<meta name=\"twitter:card\" content=\"summary_large_image\" \/>\n<meta name=\"twitter:label1\" content=\"Escrito por\" \/>\n\t<meta name=\"twitter:data1\" content=\"Oc\u00e9ane BOSC\" \/>\n\t<meta name=\"twitter:label2\" content=\"Tiempo de lectura\" \/>\n\t<meta name=\"twitter:data2\" content=\"2 minutos\" \/>\n<script type=\"application\/ld+json\" class=\"yoast-schema-graph\">{\"@context\":\"https:\\\/\\\/schema.org\",\"@graph\":[{\"@type\":\"Article\",\"@id\":\"https:\\\/\\\/www.tourisme-volvestre.fr\\\/es\\\/proyecto-de-restauracion-en-volvestre\\\/#article\",\"isPartOf\":{\"@id\":\"https:\\\/\\\/www.tourisme-volvestre.fr\\\/es\\\/proyecto-de-restauracion-en-volvestre\\\/\"},\"author\":{\"name\":\"Oc\u00e9ane BOSC\",\"@id\":\"https:\\\/\\\/www.tourisme-volvestre.fr\\\/es\\\/#\\\/schema\\\/person\\\/b02d5e546bd6b4226a52a12e158e6c96\"},\"headline\":\"Proyecto de restauraci\u00f3n en Volvestre\",\"datePublished\":\"2025-10-14T14:31:34+00:00\",\"dateModified\":\"2025-10-31T11:19:04+00:00\",\"mainEntityOfPage\":{\"@id\":\"https:\\\/\\\/www.tourisme-volvestre.fr\\\/es\\\/proyecto-de-restauracion-en-volvestre\\\/\"},\"wordCount\":380,\"publisher\":{\"@id\":\"https:\\\/\\\/www.tourisme-volvestre.fr\\\/es\\\/#organization\"},\"image\":{\"@id\":\"https:\\\/\\\/www.tourisme-volvestre.fr\\\/es\\\/proyecto-de-restauracion-en-volvestre\\\/#primaryimage\"},\"thumbnailUrl\":\"https:\\\/\\\/www.tourisme-volvestre.fr\\\/wp-content\\\/uploads\\\/2025\\\/10\\\/medium_IMG_3512_cr_d1010eb1cc.jpg\",\"articleSection\":[\"Actualidad\",\"Patrimonio\"],\"inLanguage\":\"es\"},{\"@type\":\"WebPage\",\"@id\":\"https:\\\/\\\/www.tourisme-volvestre.fr\\\/es\\\/proyecto-de-restauracion-en-volvestre\\\/\",\"url\":\"https:\\\/\\\/www.tourisme-volvestre.fr\\\/es\\\/proyecto-de-restauracion-en-volvestre\\\/\",\"name\":\"Proyecto de restauraci\u00f3n en Volvestre - Volvestre Tourisme\",\"isPartOf\":{\"@id\":\"https:\\\/\\\/www.tourisme-volvestre.fr\\\/es\\\/#website\"},\"primaryImageOfPage\":{\"@id\":\"https:\\\/\\\/www.tourisme-volvestre.fr\\\/es\\\/proyecto-de-restauracion-en-volvestre\\\/#primaryimage\"},\"image\":{\"@id\":\"https:\\\/\\\/www.tourisme-volvestre.fr\\\/es\\\/proyecto-de-restauracion-en-volvestre\\\/#primaryimage\"},\"thumbnailUrl\":\"https:\\\/\\\/www.tourisme-volvestre.fr\\\/wp-content\\\/uploads\\\/2025\\\/10\\\/medium_IMG_3512_cr_d1010eb1cc.jpg\",\"datePublished\":\"2025-10-14T14:31:34+00:00\",\"dateModified\":\"2025-10-31T11:19:04+00:00\",\"description\":\"\u00bfDesea preservar y proteger el patrimonio arquitect\u00f3nico de Saint-Sulpice-sur-L\u00e8ze en Volvestre? Descubra el proyecto de restauraci\u00f3n en curso.\",\"breadcrumb\":{\"@id\":\"https:\\\/\\\/www.tourisme-volvestre.fr\\\/es\\\/proyecto-de-restauracion-en-volvestre\\\/#breadcrumb\"},\"inLanguage\":\"es\",\"potentialAction\":[{\"@type\":\"ReadAction\",\"target\":[\"https:\\\/\\\/www.tourisme-volvestre.fr\\\/es\\\/proyecto-de-restauracion-en-volvestre\\\/\"]}]},{\"@type\":\"ImageObject\",\"inLanguage\":\"es\",\"@id\":\"https:\\\/\\\/www.tourisme-volvestre.fr\\\/es\\\/proyecto-de-restauracion-en-volvestre\\\/#primaryimage\",\"url\":\"https:\\\/\\\/www.tourisme-volvestre.fr\\\/wp-content\\\/uploads\\\/2025\\\/10\\\/medium_IMG_3512_cr_d1010eb1cc.jpg\",\"contentUrl\":\"https:\\\/\\\/www.tourisme-volvestre.fr\\\/wp-content\\\/uploads\\\/2025\\\/10\\\/medium_IMG_3512_cr_d1010eb1cc.jpg\",\"width\":750,\"height\":500},{\"@type\":\"BreadcrumbList\",\"@id\":\"https:\\\/\\\/www.tourisme-volvestre.fr\\\/es\\\/proyecto-de-restauracion-en-volvestre\\\/#breadcrumb\",\"itemListElement\":[{\"@type\":\"ListItem\",\"position\":1,\"name\":\"Accueil\",\"item\":\"https:\\\/\\\/www.tourisme-volvestre.fr\\\/es\\\/?lang=es\"},{\"@type\":\"ListItem\",\"position\":2,\"name\":\"Actualidad\",\"item\":\"https:\\\/\\\/www.tourisme-volvestre.fr\\\/es\\\/category\\\/actualidad\\\/\"},{\"@type\":\"ListItem\",\"position\":3,\"name\":\"Proyecto de restauraci\u00f3n en Volvestre\"}]},{\"@type\":\"WebSite\",\"@id\":\"https:\\\/\\\/www.tourisme-volvestre.fr\\\/es\\\/#website\",\"url\":\"https:\\\/\\\/www.tourisme-volvestre.fr\\\/es\\\/\",\"name\":\"Volvestre Tourisme\",\"description\":\"\",\"publisher\":{\"@id\":\"https:\\\/\\\/www.tourisme-volvestre.fr\\\/es\\\/#organization\"},\"alternateName\":\"OT Volvestre\",\"potentialAction\":[{\"@type\":\"SearchAction\",\"target\":{\"@type\":\"EntryPoint\",\"urlTemplate\":\"https:\\\/\\\/www.tourisme-volvestre.fr\\\/es\\\/?s={search_term_string}\"},\"query-input\":{\"@type\":\"PropertyValueSpecification\",\"valueRequired\":true,\"valueName\":\"search_term_string\"}}],\"inLanguage\":\"es\"},{\"@type\":\"Organization\",\"@id\":\"https:\\\/\\\/www.tourisme-volvestre.fr\\\/es\\\/#organization\",\"name\":\"Volvestre Tourisme\",\"url\":\"https:\\\/\\\/www.tourisme-volvestre.fr\\\/es\\\/\",\"logo\":{\"@type\":\"ImageObject\",\"inLanguage\":\"es\",\"@id\":\"https:\\\/\\\/www.tourisme-volvestre.fr\\\/es\\\/#\\\/schema\\\/logo\\\/image\\\/\",\"url\":\"https:\\\/\\\/www.tourisme-volvestre.fr\\\/wp-content\\\/uploads\\\/2025\\\/02\\\/logo-site.png\",\"contentUrl\":\"https:\\\/\\\/www.tourisme-volvestre.fr\\\/wp-content\\\/uploads\\\/2025\\\/02\\\/logo-site.png\",\"width\":152,\"height\":152,\"caption\":\"Volvestre Tourisme\"},\"image\":{\"@id\":\"https:\\\/\\\/www.tourisme-volvestre.fr\\\/es\\\/#\\\/schema\\\/logo\\\/image\\\/\"},\"sameAs\":[\"https:\\\/\\\/www.facebook.com\\\/TourismeVolvestre\",\"https:\\\/\\\/www.instagram.com\\\/tourismevolvestre\"]},{\"@type\":\"Person\",\"@id\":\"https:\\\/\\\/www.tourisme-volvestre.fr\\\/es\\\/#\\\/schema\\\/person\\\/b02d5e546bd6b4226a52a12e158e6c96\",\"name\":\"Oc\u00e9ane BOSC\",\"image\":{\"@type\":\"ImageObject\",\"inLanguage\":\"es\",\"@id\":\"https:\\\/\\\/secure.gravatar.com\\\/avatar\\\/043e8ec29120e506199de767e94b555eab870dd92a89970dc53c302ede32ccfc?s=96&d=mm&r=g\",\"url\":\"https:\\\/\\\/secure.gravatar.com\\\/avatar\\\/043e8ec29120e506199de767e94b555eab870dd92a89970dc53c302ede32ccfc?s=96&d=mm&r=g\",\"contentUrl\":\"https:\\\/\\\/secure.gravatar.com\\\/avatar\\\/043e8ec29120e506199de767e94b555eab870dd92a89970dc53c302ede32ccfc?s=96&d=mm&r=g\",\"caption\":\"Oc\u00e9ane BOSC\"}}]}<\/script>\n<!-- \/ Yoast SEO plugin. -->","yoast_head_json":{"title":"Proyecto de restauraci\u00f3n en Volvestre - Volvestre Tourisme","description":"\u00bfDesea preservar y proteger el patrimonio arquitect\u00f3nico de Saint-Sulpice-sur-L\u00e8ze en Volvestre? Descubra el proyecto de restauraci\u00f3n en curso.","robots":{"index":"index","follow":"follow","max-snippet":"max-snippet:-1","max-image-preview":"max-image-preview:large","max-video-preview":"max-video-preview:-1"},"canonical":"https:\/\/www.tourisme-volvestre.fr\/es\/proyecto-de-restauracion-en-volvestre\/","og_locale":"es_ES","og_type":"article","og_title":"Proyecto de restauraci\u00f3n en Volvestre - Volvestre Tourisme","og_description":"\u00bfDesea preservar y proteger el patrimonio arquitect\u00f3nico de Saint-Sulpice-sur-L\u00e8ze en Volvestre? Descubra el proyecto de restauraci\u00f3n en curso.","og_url":"https:\/\/www.tourisme-volvestre.fr\/es\/proyecto-de-restauracion-en-volvestre\/","og_site_name":"Volvestre Tourisme","article_publisher":"https:\/\/www.facebook.com\/TourismeVolvestre","article_published_time":"2025-10-14T14:31:34+00:00","article_modified_time":"2025-10-31T11:19:04+00:00","og_image":[{"width":750,"height":500,"url":"https:\/\/www.tourisme-volvestre.fr\/wp-content\/uploads\/2025\/10\/medium_IMG_3512_cr_d1010eb1cc.jpg","type":"image\/jpeg"}],"author":"Oc\u00e9ane BOSC","twitter_card":"summary_large_image","twitter_misc":{"Escrito por":"Oc\u00e9ane BOSC","Tiempo de lectura":"2 minutos"},"schema":{"@context":"https:\/\/schema.org","@graph":[{"@type":"Article","@id":"https:\/\/www.tourisme-volvestre.fr\/es\/proyecto-de-restauracion-en-volvestre\/#article","isPartOf":{"@id":"https:\/\/www.tourisme-volvestre.fr\/es\/proyecto-de-restauracion-en-volvestre\/"},"author":{"name":"Oc\u00e9ane BOSC","@id":"https:\/\/www.tourisme-volvestre.fr\/es\/#\/schema\/person\/b02d5e546bd6b4226a52a12e158e6c96"},"headline":"Proyecto de restauraci\u00f3n en Volvestre","datePublished":"2025-10-14T14:31:34+00:00","dateModified":"2025-10-31T11:19:04+00:00","mainEntityOfPage":{"@id":"https:\/\/www.tourisme-volvestre.fr\/es\/proyecto-de-restauracion-en-volvestre\/"},"wordCount":380,"publisher":{"@id":"https:\/\/www.tourisme-volvestre.fr\/es\/#organization"},"image":{"@id":"https:\/\/www.tourisme-volvestre.fr\/es\/proyecto-de-restauracion-en-volvestre\/#primaryimage"},"thumbnailUrl":"https:\/\/www.tourisme-volvestre.fr\/wp-content\/uploads\/2025\/10\/medium_IMG_3512_cr_d1010eb1cc.jpg","articleSection":["Actualidad","Patrimonio"],"inLanguage":"es"},{"@type":"WebPage","@id":"https:\/\/www.tourisme-volvestre.fr\/es\/proyecto-de-restauracion-en-volvestre\/","url":"https:\/\/www.tourisme-volvestre.fr\/es\/proyecto-de-restauracion-en-volvestre\/","name":"Proyecto de restauraci\u00f3n en Volvestre - Volvestre Tourisme","isPartOf":{"@id":"https:\/\/www.tourisme-volvestre.fr\/es\/#website"},"primaryImageOfPage":{"@id":"https:\/\/www.tourisme-volvestre.fr\/es\/proyecto-de-restauracion-en-volvestre\/#primaryimage"},"image":{"@id":"https:\/\/www.tourisme-volvestre.fr\/es\/proyecto-de-restauracion-en-volvestre\/#primaryimage"},"thumbnailUrl":"https:\/\/www.tourisme-volvestre.fr\/wp-content\/uploads\/2025\/10\/medium_IMG_3512_cr_d1010eb1cc.jpg","datePublished":"2025-10-14T14:31:34+00:00","dateModified":"2025-10-31T11:19:04+00:00","description":"\u00bfDesea preservar y proteger el patrimonio arquitect\u00f3nico de Saint-Sulpice-sur-L\u00e8ze en Volvestre? Descubra el proyecto de restauraci\u00f3n en curso.","breadcrumb":{"@id":"https:\/\/www.tourisme-volvestre.fr\/es\/proyecto-de-restauracion-en-volvestre\/#breadcrumb"},"inLanguage":"es","potentialAction":[{"@type":"ReadAction","target":["https:\/\/www.tourisme-volvestre.fr\/es\/proyecto-de-restauracion-en-volvestre\/"]}]},{"@type":"ImageObject","inLanguage":"es","@id":"https:\/\/www.tourisme-volvestre.fr\/es\/proyecto-de-restauracion-en-volvestre\/#primaryimage","url":"https:\/\/www.tourisme-volvestre.fr\/wp-content\/uploads\/2025\/10\/medium_IMG_3512_cr_d1010eb1cc.jpg","contentUrl":"https:\/\/www.tourisme-volvestre.fr\/wp-content\/uploads\/2025\/10\/medium_IMG_3512_cr_d1010eb1cc.jpg","width":750,"height":500},{"@type":"BreadcrumbList","@id":"https:\/\/www.tourisme-volvestre.fr\/es\/proyecto-de-restauracion-en-volvestre\/#breadcrumb","itemListElement":[{"@type":"ListItem","position":1,"name":"Accueil","item":"https:\/\/www.tourisme-volvestre.fr\/es\/?lang=es"},{"@type":"ListItem","position":2,"name":"Actualidad","item":"https:\/\/www.tourisme-volvestre.fr\/es\/category\/actualidad\/"},{"@type":"ListItem","position":3,"name":"Proyecto de restauraci\u00f3n en Volvestre"}]},{"@type":"WebSite","@id":"https:\/\/www.tourisme-volvestre.fr\/es\/#website","url":"https:\/\/www.tourisme-volvestre.fr\/es\/","name":"Volvestre Tourisme","description":"","publisher":{"@id":"https:\/\/www.tourisme-volvestre.fr\/es\/#organization"},"alternateName":"OT Volvestre","potentialAction":[{"@type":"SearchAction","target":{"@type":"EntryPoint","urlTemplate":"https:\/\/www.tourisme-volvestre.fr\/es\/?s={search_term_string}"},"query-input":{"@type":"PropertyValueSpecification","valueRequired":true,"valueName":"search_term_string"}}],"inLanguage":"es"},{"@type":"Organization","@id":"https:\/\/www.tourisme-volvestre.fr\/es\/#organization","name":"Volvestre Tourisme","url":"https:\/\/www.tourisme-volvestre.fr\/es\/","logo":{"@type":"ImageObject","inLanguage":"es","@id":"https:\/\/www.tourisme-volvestre.fr\/es\/#\/schema\/logo\/image\/","url":"https:\/\/www.tourisme-volvestre.fr\/wp-content\/uploads\/2025\/02\/logo-site.png","contentUrl":"https:\/\/www.tourisme-volvestre.fr\/wp-content\/uploads\/2025\/02\/logo-site.png","width":152,"height":152,"caption":"Volvestre Tourisme"},"image":{"@id":"https:\/\/www.tourisme-volvestre.fr\/es\/#\/schema\/logo\/image\/"},"sameAs":["https:\/\/www.facebook.com\/TourismeVolvestre","https:\/\/www.instagram.com\/tourismevolvestre"]},{"@type":"Person","@id":"https:\/\/www.tourisme-volvestre.fr\/es\/#\/schema\/person\/b02d5e546bd6b4226a52a12e158e6c96","name":"Oc\u00e9ane BOSC","image":{"@type":"ImageObject","inLanguage":"es","@id":"https:\/\/secure.gravatar.com\/avatar\/043e8ec29120e506199de767e94b555eab870dd92a89970dc53c302ede32ccfc?s=96&d=mm&r=g","url":"https:\/\/secure.gravatar.com\/avatar\/043e8ec29120e506199de767e94b555eab870dd92a89970dc53c302ede32ccfc?s=96&d=mm&r=g","contentUrl":"https:\/\/secure.gravatar.com\/avatar\/043e8ec29120e506199de767e94b555eab870dd92a89970dc53c302ede32ccfc?s=96&d=mm&r=g","caption":"Oc\u00e9ane BOSC"}}]}},"_links":{"self":[{"href":"https:\/\/www.tourisme-volvestre.fr\/es\/wp-json\/wp\/v2\/posts\/10804","targetHints":{"allow":["GET"]}}],"collection":[{"href":"https:\/\/www.tourisme-volvestre.fr\/es\/wp-json\/wp\/v2\/posts"}],"about":[{"href":"https:\/\/www.tourisme-volvestre.fr\/es\/wp-json\/wp\/v2\/types\/post"}],"author":[{"embeddable":true,"href":"https:\/\/www.tourisme-volvestre.fr\/es\/wp-json\/wp\/v2\/users\/8"}],"replies":[{"embeddable":true,"href":"https:\/\/www.tourisme-volvestre.fr\/es\/wp-json\/wp\/v2\/comments?post=10804"}],"version-history":[{"count":1,"href":"https:\/\/www.tourisme-volvestre.fr\/es\/wp-json\/wp\/v2\/posts\/10804\/revisions"}],"predecessor-version":[{"id":10805,"href":"https:\/\/www.tourisme-volvestre.fr\/es\/wp-json\/wp\/v2\/posts\/10804\/revisions\/10805"}],"wp:featuredmedia":[{"embeddable":true,"href":"https:\/\/www.tourisme-volvestre.fr\/es\/wp-json\/wp\/v2\/media\/10792"}],"wp:attachment":[{"href":"https:\/\/www.tourisme-volvestre.fr\/es\/wp-json\/wp\/v2\/media?parent=10804"}],"wp:term":[{"taxonomy":"category","embeddable":true,"href":"https:\/\/www.tourisme-volvestre.fr\/es\/wp-json\/wp\/v2\/categories?post=10804"},{"taxonomy":"post_tag","embeddable":true,"href":"https:\/\/www.tourisme-volvestre.fr\/es\/wp-json\/wp\/v2\/tags?post=10804"}],"curies":[{"name":"wp","href":"https:\/\/api.w.org\/{rel}","templated":true}]}}