{"id":11319,"date":"2026-01-26T14:37:03","date_gmt":"2026-01-26T13:37:03","guid":{"rendered":"https:\/\/www.tourisme-volvestre.fr\/campana-de-recaudacion-de-fondos-para-la-renovacion-de-la-iglesia-de-lapeyrere\/"},"modified":"2026-01-26T15:03:31","modified_gmt":"2026-01-26T14:03:31","slug":"campana-de-recaudacion-de-fondos-para-la-renovacion-de-la-iglesia-de-lapeyrere","status":"publish","type":"post","link":"https:\/\/www.tourisme-volvestre.fr\/es\/campana-de-recaudacion-de-fondos-para-la-renovacion-de-la-iglesia-de-lapeyrere\/","title":{"rendered":"Campa\u00f1a de recaudaci\u00f3n de fondos para la renovaci\u00f3n de la iglesia de Lapeyr\u00e8re"},"content":{"rendered":"\n<h2 class=\"wp-block-heading has-text-align-center has-contrast-2-color has-text-color has-link-color wp-elements-5fc1a89fd5b0c364e6cf224518b23679\" style=\"font-size:clamp(0.929rem, 0.929rem + ((1vw - 0.2rem) * 0.785), 1.4rem);\"><strong>El municipio de Lapeyr\u00e8re lanza oficialmente una campa\u00f1a de recaudaci\u00f3n de fondos en l\u00ednea para financiar la restauraci\u00f3n de su iglesia de Saint-Aubin, antigua Notre-Dame.<\/strong><\/h2>\n\n<div class=\"wp-block-columns is-layout-flex wp-container-core-columns-is-layout-28f84493 wp-block-columns-is-layout-flex\">\n<div class=\"wp-block-column is-layout-flow wp-block-column-is-layout-flow\">\n<figure class=\"wp-block-image aligncenter size-full is-resized is-style-rounded is-style-rounded--1\"><img loading=\"lazy\" decoding=\"async\" width=\"1080\" height=\"1350\" src=\"https:\/\/www.tourisme-volvestre.fr\/wp-content\/uploads\/2026\/01\/9.jpg\" alt=\"\" class=\"wp-image-11274\" style=\"aspect-ratio:0.75;object-fit:cover;width:292px;height:auto\" srcset=\"https:\/\/www.tourisme-volvestre.fr\/wp-content\/uploads\/2026\/01\/9.jpg 1080w, https:\/\/www.tourisme-volvestre.fr\/wp-content\/uploads\/2026\/01\/9-240x300.jpg 240w, https:\/\/www.tourisme-volvestre.fr\/wp-content\/uploads\/2026\/01\/9-819x1024.jpg 819w, https:\/\/www.tourisme-volvestre.fr\/wp-content\/uploads\/2026\/01\/9-768x960.jpg 768w\" sizes=\"auto, (max-width: 1080px) 100vw, 1080px\" \/><figcaption class=\"wp-element-caption\">Campanario de la iglesia de Saint-Aubin @derechos reservados<\/figcaption><\/figure>\n<\/div>\n\n\n\n<div class=\"wp-block-column is-layout-flow wp-block-column-is-layout-flow\">\n<figure class=\"wp-block-image aligncenter size-full is-resized is-style-rounded is-style-rounded--2\"><img loading=\"lazy\" decoding=\"async\" width=\"1080\" height=\"1350\" src=\"https:\/\/www.tourisme-volvestre.fr\/wp-content\/uploads\/2026\/01\/4-7.jpg\" alt=\"\" class=\"wp-image-11283\" style=\"aspect-ratio:0.75;object-fit:cover;width:296px;height:auto\" srcset=\"https:\/\/www.tourisme-volvestre.fr\/wp-content\/uploads\/2026\/01\/4-7.jpg 1080w, https:\/\/www.tourisme-volvestre.fr\/wp-content\/uploads\/2026\/01\/4-7-240x300.jpg 240w, https:\/\/www.tourisme-volvestre.fr\/wp-content\/uploads\/2026\/01\/4-7-819x1024.jpg 819w, https:\/\/www.tourisme-volvestre.fr\/wp-content\/uploads\/2026\/01\/4-7-768x960.jpg 768w\" sizes=\"auto, (max-width: 1080px) 100vw, 1080px\" \/><figcaption class=\"wp-element-caption\">Coro de la Iglesia de Saint-Aubin @derechos reservados<\/figcaption><\/figure>\n<\/div>\n\n\n\n<div class=\"wp-block-column is-layout-flow wp-block-column-is-layout-flow\">\n<figure class=\"wp-block-image aligncenter size-full is-resized is-style-rounded is-style-rounded--3\"><img loading=\"lazy\" decoding=\"async\" width=\"1080\" height=\"1350\" src=\"https:\/\/www.tourisme-volvestre.fr\/wp-content\/uploads\/2026\/01\/2-22.jpg\" alt=\"\" class=\"wp-image-11277\" style=\"aspect-ratio:0.75;object-fit:cover;width:296px;height:auto\" srcset=\"https:\/\/www.tourisme-volvestre.fr\/wp-content\/uploads\/2026\/01\/2-22.jpg 1080w, https:\/\/www.tourisme-volvestre.fr\/wp-content\/uploads\/2026\/01\/2-22-240x300.jpg 240w, https:\/\/www.tourisme-volvestre.fr\/wp-content\/uploads\/2026\/01\/2-22-819x1024.jpg 819w, https:\/\/www.tourisme-volvestre.fr\/wp-content\/uploads\/2026\/01\/2-22-768x960.jpg 768w\" sizes=\"auto, (max-width: 1080px) 100vw, 1080px\" \/><figcaption class=\"wp-element-caption\">Iglesia de Saint-Aubin @derechos reservados<\/figcaption><\/figure>\n<\/div>\n<\/div>\n\n<div class=\"wp-block-columns is-layout-flex wp-container-core-columns-is-layout-28f84493 wp-block-columns-is-layout-flex\">\n<div class=\"wp-block-column is-layout-flow wp-block-column-is-layout-flow\" style=\"flex-basis:66.66%\">\n<h3 class=\"wp-block-heading has-medium-font-size\"><strong>La iglesia de Saint-Aubin, una joya patrimonial que ha resistido el paso del tiempo. <\/strong><\/h3>\n\n\n\n<p>Un aut\u00e9ntico monumento hist\u00f3rico del pueblo, este notable edificio hunde sus ra\u00edces en la historia local, que se remonta al siglo XIV. Mencionada ya en <strong>1373 <\/strong>, la iglesia ha sido destruida y reconstruida varias veces a lo largo de los siglos. <br\/><br\/>Por ello, ha formado parte de la vida de los habitantes de Lapeyr\u00e8re a lo largo de generaciones: bautizos, bodas, ceremonias religiosas y momentos clave de la vida comunitaria. <br\/><br\/>Incluso hoy, sigue siendo un <strong> poderoso s\u00edmbolo de identidad <\/strong> y un elemento central del patrimonio rural de la zona.<\/p>\n\n\n\n<p class=\"has-text-align-center is-style-ancres has-base-2-color has-contrast-2-background-color has-text-color has-background has-link-color wp-elements-5b2bb86d0695c793bfad7ea1de0ef2d3\"><strong><em>\u00abLa iglesia da alma al pueblo. Creyentes o no, la gran mayor\u00eda de los habitantes han expresado su deseo de salvarla\u00bb. <br\/>\u2013 Carole Delor, alcaldesa de Lapeyr\u00e8re.<\/em><\/strong><\/p>\n<\/div>\n\n\n\n<div class=\"wp-block-column is-layout-flow wp-block-column-is-layout-flow\" style=\"flex-basis:33.33%\">\n<figure class=\"wp-block-image aligncenter size-full is-style-rounded is-style-rounded--4\"><img loading=\"lazy\" decoding=\"async\" width=\"640\" height=\"800\" src=\"https:\/\/www.tourisme-volvestre.fr\/wp-content\/uploads\/2026\/01\/1-23-1.jpg\" alt=\"\" class=\"wp-image-11286\" srcset=\"https:\/\/www.tourisme-volvestre.fr\/wp-content\/uploads\/2026\/01\/1-23-1.jpg 640w, https:\/\/www.tourisme-volvestre.fr\/wp-content\/uploads\/2026\/01\/1-23-1-240x300.jpg 240w\" sizes=\"auto, (max-width: 640px) 100vw, 640px\" \/><\/figure>\n<\/div>\n<\/div>\n\n<div style=\"height:3px\" aria-hidden=\"true\" class=\"wp-block-spacer\"><\/div>\n\n<div class=\"wp-block-buttons is-content-justification-center is-layout-flex wp-container-core-buttons-is-layout-a89b3969 wp-block-buttons-is-layout-flex\">\n<div class=\"wp-block-button\"><a class=\"wp-block-button__link wp-element-button\" href=\"https:\/\/association-kinesiologue-cazeres.s2.yapla.com\/fr\/campaign-14515\/detail\/financement-des-travaux-de-restauration-et-sauvegarde-de-leglise-de-lapeyrere\/14515\" target=\"_blank\" rel=\"noreferrer noopener\">Participar en la recaudaci\u00f3n de fondos para la renovaci\u00f3n de la iglesia Saint-Aubin de Lapeyrere.<\/a><\/div>\n<\/div>\n\n<div style=\"height:3px\" aria-hidden=\"true\" class=\"wp-block-spacer\"><\/div>\n\n<div class=\"wp-block-columns is-layout-flex wp-container-core-columns-is-layout-28f84493 wp-block-columns-is-layout-flex\">\n<div class=\"wp-block-column is-layout-flow wp-block-column-is-layout-flow\">\n<figure class=\"wp-block-image size-large is-style-rounded is-style-rounded--5\"><img loading=\"lazy\" decoding=\"async\" width=\"819\" height=\"1024\" src=\"https:\/\/www.tourisme-volvestre.fr\/wp-content\/uploads\/2026\/01\/3-17-819x1024.jpg\" alt=\"\" class=\"wp-image-11289\" style=\"aspect-ratio:1;object-fit:cover\" srcset=\"https:\/\/www.tourisme-volvestre.fr\/wp-content\/uploads\/2026\/01\/3-17-819x1024.jpg 819w, https:\/\/www.tourisme-volvestre.fr\/wp-content\/uploads\/2026\/01\/3-17-240x300.jpg 240w, https:\/\/www.tourisme-volvestre.fr\/wp-content\/uploads\/2026\/01\/3-17-768x960.jpg 768w, https:\/\/www.tourisme-volvestre.fr\/wp-content\/uploads\/2026\/01\/3-17.jpg 1080w\" sizes=\"auto, (max-width: 819px) 100vw, 819px\" \/><\/figure>\n<\/div>\n\n\n\n<div class=\"wp-block-column is-layout-flow wp-block-column-is-layout-flow\">\n<h3 class=\"wp-block-heading has-medium-font-size\"><strong>Un proyecto de restauraci\u00f3n a gran escala<\/strong><\/h3>\n\n\n\n<p>Sin embargo, el estado del edificio es preocupante. <strong>Humedades ascendentes, filtraciones de agua, grietas, goteras en las vidrieras, un tejado debilitado, campanas da\u00f1adas y una sacrist\u00eda que amenaza con derrumbarse <\/strong> : los problemas son numerosos y requieren una intervenci\u00f3n r\u00e1pida para evitar da\u00f1os irreversibles. La iglesia, reconocible por su campanario cuadrado y el <strong>antiguo ayuntamiento contiguo<\/strong> , forma parte integral del paisaje y la memoria colectiva del pueblo. <br\/><br\/>Liderado por el ayuntamiento de Lapeyr\u00e8re , con el apoyo de los vecinos, el proyecto de restauraci\u00f3n incluye importantes obras estructurales:<\/p>\n\n\n\n<ul class=\"wp-block-list\">\n<li>Impermeabilizaci\u00f3n de paredes,<\/li>\n\n\n\n<li>Reanudaci\u00f3n de los trabajos de alba\u00f1iler\u00eda,<\/li>\n\n\n\n<li>Aplicaci\u00f3n de revoque de cal,<\/li>\n\n\n\n<li>Reparaciones parciales de techos,<\/li>\n\n\n\n<li>Restauraci\u00f3n completa de la cubierta del campanario,<\/li>\n\n\n\n<li>Restauraci\u00f3n del campanario y de las campanas,<\/li>\n\n\n\n<li>Restauraci\u00f3n de los altares y vidrieras.<\/li>\n<\/ul>\n<\/div>\n<\/div>\n\n<div class=\"wp-block-columns is-layout-flex wp-container-core-columns-is-layout-28f84493 wp-block-columns-is-layout-flex\">\n<div class=\"wp-block-column is-layout-flow wp-block-column-is-layout-flow\">\n<h3 class=\"wp-block-heading has-medium-font-size\"><strong>El costo del proyecto <\/strong><\/h3>\n\n\n\n<p><strong>El coste total del proyecto es de 301.358 \u20ac<\/strong> . Gracias al apoyo del <strong>DETR<\/strong> (<strong>Subvenci\u00f3n para el Desarrollo Local <\/strong>y la Planificaci\u00f3n Rural) , el <strong>Departamento<\/strong> , la <strong>Regi\u00f3n <\/strong>y la <strong>Mancomunidad de Municipios de Volvestre<\/strong> , ya se han financiado 241.358 \u20ac .<br\/>Sin embargo, a\u00fan quedan <strong>60.000 \u20ac<\/strong> por recaudar gracias a la generosidad de residentes, <strong>asociaciones y empresas .<\/strong> <\/p>\n\n\n\n<p>M\u00e1s all\u00e1 de su funci\u00f3n religiosa, el edificio seguir\u00e1 acogiendo visitantes, ceremonias y, eventualmente, <strong>eventos culturales<\/strong> , contribuyendo as\u00ed a la vitalidad del pueblo.<\/p>\n\n\n\n<p>Para agradecer a los donantes, se ofrecen <strong>recompensas simb\u00f3licas<\/strong> : agradecimiento p\u00fablico, invitaci\u00f3n a la inauguraci\u00f3n, visitas al lugar y, para las donaciones m\u00e1s grandes, <strong>el uso del sal\u00f3n de actos .<\/strong><\/p>\n<\/div>\n\n\n\n<div class=\"wp-block-column is-layout-flow wp-block-column-is-layout-flow\">\n<figure class=\"wp-block-image size-large is-style-rounded is-style-rounded--6\"><img loading=\"lazy\" decoding=\"async\" width=\"819\" height=\"1024\" src=\"https:\/\/www.tourisme-volvestre.fr\/wp-content\/uploads\/2026\/01\/8-819x1024.jpg\" alt=\"\" class=\"wp-image-11292\" style=\"aspect-ratio:1;object-fit:cover\" srcset=\"https:\/\/www.tourisme-volvestre.fr\/wp-content\/uploads\/2026\/01\/8-819x1024.jpg 819w, https:\/\/www.tourisme-volvestre.fr\/wp-content\/uploads\/2026\/01\/8-240x300.jpg 240w, https:\/\/www.tourisme-volvestre.fr\/wp-content\/uploads\/2026\/01\/8-768x960.jpg 768w, https:\/\/www.tourisme-volvestre.fr\/wp-content\/uploads\/2026\/01\/8.jpg 1080w\" sizes=\"auto, (max-width: 819px) 100vw, 819px\" \/><\/figure>\n<\/div>\n<\/div>\n\n<h4 class=\"wp-block-heading has-text-align-left has-contrast-2-color has-text-color has-link-color wp-elements-5358ddfb7eb1a595b9984ff777c1bcaa\" style=\"font-size:clamp(0.875rem, 0.875rem + ((1vw - 0.2rem) * 0.208), 1rem);\"><strong>Por ello, la colecci\u00f3n est\u00e1 abierta hasta el 20 de diciembre de 2026. El municipio de Lapeyr\u00e8re llama hoy a todas las personas vinculadas al patrimonio rural, a las peque\u00f1as comunidades y a la transmisi\u00f3n de la historia local a participar en esta hermosa aventura colectiva. <\/strong><\/h4>\n\n<div class=\"wp-block-columns is-layout-flex wp-container-core-columns-is-layout-28f84493 wp-block-columns-is-layout-flex\">\n<div class=\"wp-block-column is-layout-flow wp-block-column-is-layout-flow\">\n<figure class=\"wp-block-image aligncenter size-large is-style-rounded is-style-rounded--7\"><img loading=\"lazy\" decoding=\"async\" width=\"819\" height=\"1024\" src=\"https:\/\/www.tourisme-volvestre.fr\/wp-content\/uploads\/2026\/01\/6-819x1024.jpg\" alt=\"\" class=\"wp-image-11295\" srcset=\"https:\/\/www.tourisme-volvestre.fr\/wp-content\/uploads\/2026\/01\/6-819x1024.jpg 819w, https:\/\/www.tourisme-volvestre.fr\/wp-content\/uploads\/2026\/01\/6-240x300.jpg 240w, https:\/\/www.tourisme-volvestre.fr\/wp-content\/uploads\/2026\/01\/6-768x960.jpg 768w, https:\/\/www.tourisme-volvestre.fr\/wp-content\/uploads\/2026\/01\/6.jpg 1080w\" sizes=\"auto, (max-width: 819px) 100vw, 819px\" \/><figcaption class=\"wp-element-caption\">Iglesia de Saint-Aubin @derechos reservados<\/figcaption><\/figure>\n<\/div>\n\n\n\n<div class=\"wp-block-column is-layout-flow wp-block-column-is-layout-flow\">\n<div class=\"wp-block-columns is-layout-flex wp-container-core-columns-is-layout-28f84493 wp-block-columns-is-layout-flex\">\n<div class=\"wp-block-column is-layout-flow wp-block-column-is-layout-flow\">\n<figure class=\"wp-block-image aligncenter size-large is-style-rounded is-style-rounded--8\"><img loading=\"lazy\" decoding=\"async\" width=\"819\" height=\"1024\" src=\"https:\/\/www.tourisme-volvestre.fr\/wp-content\/uploads\/2026\/01\/5-1-819x1024.jpg\" alt=\"\" class=\"wp-image-11298\" srcset=\"https:\/\/www.tourisme-volvestre.fr\/wp-content\/uploads\/2026\/01\/5-1-819x1024.jpg 819w, https:\/\/www.tourisme-volvestre.fr\/wp-content\/uploads\/2026\/01\/5-1-240x300.jpg 240w, https:\/\/www.tourisme-volvestre.fr\/wp-content\/uploads\/2026\/01\/5-1-768x960.jpg 768w, https:\/\/www.tourisme-volvestre.fr\/wp-content\/uploads\/2026\/01\/5-1.jpg 1080w\" sizes=\"auto, (max-width: 819px) 100vw, 819px\" \/><figcaption class=\"wp-element-caption\">Vidriera de la iglesia de Saint-Aubin @derechos reservados<\/figcaption><\/figure>\n<\/div>\n<\/div>\n<\/div>\n\n\n\n<div class=\"wp-block-column is-layout-flow wp-block-column-is-layout-flow\">\n<figure class=\"wp-block-image aligncenter size-full is-resized is-style-rounded is-style-rounded--9\"><img loading=\"lazy\" decoding=\"async\" width=\"768\" height=\"576\" src=\"https:\/\/www.tourisme-volvestre.fr\/wp-content\/uploads\/2026\/01\/20240206_111229-768x576-1.jpg\" alt=\"\" class=\"wp-image-11301\" style=\"aspect-ratio:0.75;object-fit:cover;width:296px;height:auto\" srcset=\"https:\/\/www.tourisme-volvestre.fr\/wp-content\/uploads\/2026\/01\/20240206_111229-768x576-1.jpg 768w, https:\/\/www.tourisme-volvestre.fr\/wp-content\/uploads\/2026\/01\/20240206_111229-768x576-1-300x225.jpg 300w\" sizes=\"auto, (max-width: 768px) 100vw, 768px\" \/><figcaption class=\"wp-element-caption\">Interior de la iglesia de Saint-Aubin @derechos reservados<\/figcaption><\/figure>\n<\/div>\n<\/div>\n\n<div class=\"wp-block-buttons is-content-justification-center is-layout-flex wp-container-core-buttons-is-layout-a89b3969 wp-block-buttons-is-layout-flex\">\n<div class=\"wp-block-button\"><a class=\"wp-block-button__link wp-element-button\" href=\"https:\/\/association-kinesiologue-cazeres.s2.yapla.com\/fr\/campaign-14515\/detail\/financement-des-travaux-de-restauration-et-sauvegarde-de-leglise-de-lapeyrere\/14515\" target=\"_blank\" rel=\"noreferrer noopener\">Participar en la recaudaci\u00f3n de fondos para la renovaci\u00f3n de la iglesia Saint-Aubin de Lapeyrere. <\/a><\/div>\n<\/div>\n","protected":false},"excerpt":{"rendered":"<p>El municipio de Lapeyr\u00e8re lanza oficialmente una campa\u00f1a de recaudaci\u00f3n de fondos en l\u00ednea para financiar la restauraci\u00f3n de su iglesia de Saint-Aubin, antigua Notre-Dame. La iglesia de Saint-Aubin, una joya patrimonial que ha resistido el paso del tiempo. Un aut\u00e9ntico monumento hist\u00f3rico del pueblo, este notable edificio hunde sus ra\u00edces en la historia local, [&hellip;]<\/p>\n","protected":false},"author":8,"featured_media":11276,"comment_status":"closed","ping_status":"closed","sticky":false,"template":"","format":"standard","meta":{"_acf_changed":false,"inline_featured_image":false,"footnotes":""},"categories":[35],"tags":[],"class_list":["post-11319","post","type-post","status-publish","format-standard","has-post-thumbnail","hentry","category-actualite"],"acf":[],"yoast_head":"<!-- This site is optimized with the Yoast SEO plugin v27.3 - https:\/\/yoast.com\/product\/yoast-seo-wordpress\/ -->\n<title>Campa\u00f1a de recaudaci\u00f3n de fondos para la renovaci\u00f3n de la iglesia de Lapeyr\u00e8re - Volvestre Tourisme<\/title>\n<meta name=\"description\" content=\"\u00a1Te necesitamos! Participa en la recaudaci\u00f3n de fondos en l\u00ednea para la renovaci\u00f3n de la iglesia Saint-Aubin de Lapeyr\u00e8re, en Volvestre.\" \/>\n<meta name=\"robots\" content=\"index, follow, max-snippet:-1, max-image-preview:large, max-video-preview:-1\" \/>\n<link rel=\"canonical\" href=\"https:\/\/www.tourisme-volvestre.fr\/es\/campana-de-recaudacion-de-fondos-para-la-renovacion-de-la-iglesia-de-lapeyrere\/\" \/>\n<meta property=\"og:locale\" content=\"es_ES\" \/>\n<meta property=\"og:type\" content=\"article\" \/>\n<meta property=\"og:title\" content=\"Campa\u00f1a de recaudaci\u00f3n de fondos para la renovaci\u00f3n de la iglesia de Lapeyr\u00e8re - Volvestre Tourisme\" \/>\n<meta property=\"og:description\" content=\"\u00a1Te necesitamos! Participa en la recaudaci\u00f3n de fondos en l\u00ednea para la renovaci\u00f3n de la iglesia Saint-Aubin de Lapeyr\u00e8re, en Volvestre.\" \/>\n<meta property=\"og:url\" content=\"https:\/\/www.tourisme-volvestre.fr\/es\/campana-de-recaudacion-de-fondos-para-la-renovacion-de-la-iglesia-de-lapeyrere\/\" \/>\n<meta property=\"og:site_name\" content=\"Volvestre Tourisme\" \/>\n<meta property=\"article:publisher\" content=\"https:\/\/www.facebook.com\/TourismeVolvestre\" \/>\n<meta property=\"article:published_time\" content=\"2026-01-26T13:37:03+00:00\" \/>\n<meta property=\"article:modified_time\" content=\"2026-01-26T14:03:31+00:00\" \/>\n<meta property=\"og:image\" content=\"https:\/\/www.tourisme-volvestre.fr\/wp-content\/uploads\/2026\/01\/9.jpg\" \/>\n\t<meta property=\"og:image:width\" content=\"1080\" \/>\n\t<meta property=\"og:image:height\" content=\"1350\" \/>\n\t<meta property=\"og:image:type\" content=\"image\/jpeg\" \/>\n<meta name=\"author\" content=\"Oc\u00e9ane BOSC\" \/>\n<meta name=\"twitter:card\" content=\"summary_large_image\" \/>\n<meta name=\"twitter:label1\" content=\"Escrito por\" \/>\n\t<meta name=\"twitter:data1\" content=\"Oc\u00e9ane BOSC\" \/>\n\t<meta name=\"twitter:label2\" content=\"Tiempo de lectura\" \/>\n\t<meta name=\"twitter:data2\" content=\"3 minutos\" \/>\n<script type=\"application\/ld+json\" class=\"yoast-schema-graph\">{\"@context\":\"https:\\\/\\\/schema.org\",\"@graph\":[{\"@type\":\"Article\",\"@id\":\"https:\\\/\\\/www.tourisme-volvestre.fr\\\/es\\\/campana-de-recaudacion-de-fondos-para-la-renovacion-de-la-iglesia-de-lapeyrere\\\/#article\",\"isPartOf\":{\"@id\":\"https:\\\/\\\/www.tourisme-volvestre.fr\\\/es\\\/campana-de-recaudacion-de-fondos-para-la-renovacion-de-la-iglesia-de-lapeyrere\\\/\"},\"author\":{\"name\":\"Oc\u00e9ane BOSC\",\"@id\":\"https:\\\/\\\/www.tourisme-volvestre.fr\\\/es\\\/#\\\/schema\\\/person\\\/b02d5e546bd6b4226a52a12e158e6c96\"},\"headline\":\"Campa\u00f1a de recaudaci\u00f3n de fondos para la renovaci\u00f3n de la iglesia de Lapeyr\u00e8re\",\"datePublished\":\"2026-01-26T13:37:03+00:00\",\"dateModified\":\"2026-01-26T14:03:31+00:00\",\"mainEntityOfPage\":{\"@id\":\"https:\\\/\\\/www.tourisme-volvestre.fr\\\/es\\\/campana-de-recaudacion-de-fondos-para-la-renovacion-de-la-iglesia-de-lapeyrere\\\/\"},\"wordCount\":573,\"publisher\":{\"@id\":\"https:\\\/\\\/www.tourisme-volvestre.fr\\\/es\\\/#organization\"},\"image\":{\"@id\":\"https:\\\/\\\/www.tourisme-volvestre.fr\\\/es\\\/campana-de-recaudacion-de-fondos-para-la-renovacion-de-la-iglesia-de-lapeyrere\\\/#primaryimage\"},\"thumbnailUrl\":\"https:\\\/\\\/www.tourisme-volvestre.fr\\\/wp-content\\\/uploads\\\/2026\\\/01\\\/9.jpg\",\"articleSection\":[\"Actualit\u00e9\"],\"inLanguage\":\"es\"},{\"@type\":\"WebPage\",\"@id\":\"https:\\\/\\\/www.tourisme-volvestre.fr\\\/es\\\/campana-de-recaudacion-de-fondos-para-la-renovacion-de-la-iglesia-de-lapeyrere\\\/\",\"url\":\"https:\\\/\\\/www.tourisme-volvestre.fr\\\/es\\\/campana-de-recaudacion-de-fondos-para-la-renovacion-de-la-iglesia-de-lapeyrere\\\/\",\"name\":\"Campa\u00f1a de recaudaci\u00f3n de fondos para la renovaci\u00f3n de la iglesia de Lapeyr\u00e8re - Volvestre Tourisme\",\"isPartOf\":{\"@id\":\"https:\\\/\\\/www.tourisme-volvestre.fr\\\/es\\\/#website\"},\"primaryImageOfPage\":{\"@id\":\"https:\\\/\\\/www.tourisme-volvestre.fr\\\/es\\\/campana-de-recaudacion-de-fondos-para-la-renovacion-de-la-iglesia-de-lapeyrere\\\/#primaryimage\"},\"image\":{\"@id\":\"https:\\\/\\\/www.tourisme-volvestre.fr\\\/es\\\/campana-de-recaudacion-de-fondos-para-la-renovacion-de-la-iglesia-de-lapeyrere\\\/#primaryimage\"},\"thumbnailUrl\":\"https:\\\/\\\/www.tourisme-volvestre.fr\\\/wp-content\\\/uploads\\\/2026\\\/01\\\/9.jpg\",\"datePublished\":\"2026-01-26T13:37:03+00:00\",\"dateModified\":\"2026-01-26T14:03:31+00:00\",\"description\":\"\u00a1Te necesitamos! Participa en la recaudaci\u00f3n de fondos en l\u00ednea para la renovaci\u00f3n de la iglesia Saint-Aubin de Lapeyr\u00e8re, en Volvestre.\",\"breadcrumb\":{\"@id\":\"https:\\\/\\\/www.tourisme-volvestre.fr\\\/es\\\/campana-de-recaudacion-de-fondos-para-la-renovacion-de-la-iglesia-de-lapeyrere\\\/#breadcrumb\"},\"inLanguage\":\"es\",\"potentialAction\":[{\"@type\":\"ReadAction\",\"target\":[\"https:\\\/\\\/www.tourisme-volvestre.fr\\\/es\\\/campana-de-recaudacion-de-fondos-para-la-renovacion-de-la-iglesia-de-lapeyrere\\\/\"]}]},{\"@type\":\"ImageObject\",\"inLanguage\":\"es\",\"@id\":\"https:\\\/\\\/www.tourisme-volvestre.fr\\\/es\\\/campana-de-recaudacion-de-fondos-para-la-renovacion-de-la-iglesia-de-lapeyrere\\\/#primaryimage\",\"url\":\"https:\\\/\\\/www.tourisme-volvestre.fr\\\/wp-content\\\/uploads\\\/2026\\\/01\\\/9.jpg\",\"contentUrl\":\"https:\\\/\\\/www.tourisme-volvestre.fr\\\/wp-content\\\/uploads\\\/2026\\\/01\\\/9.jpg\",\"width\":1080,\"height\":1350},{\"@type\":\"BreadcrumbList\",\"@id\":\"https:\\\/\\\/www.tourisme-volvestre.fr\\\/es\\\/campana-de-recaudacion-de-fondos-para-la-renovacion-de-la-iglesia-de-lapeyrere\\\/#breadcrumb\",\"itemListElement\":[{\"@type\":\"ListItem\",\"position\":1,\"name\":\"Accueil\",\"item\":\"https:\\\/\\\/www.tourisme-volvestre.fr\\\/es\\\/?lang=es\"},{\"@type\":\"ListItem\",\"position\":2,\"name\":\"Actualidad\",\"item\":\"https:\\\/\\\/www.tourisme-volvestre.fr\\\/es\\\/category\\\/actualidad\\\/\"},{\"@type\":\"ListItem\",\"position\":3,\"name\":\"Campa\u00f1a de recaudaci\u00f3n de fondos para la renovaci\u00f3n de la iglesia de Lapeyr\u00e8re\"}]},{\"@type\":\"WebSite\",\"@id\":\"https:\\\/\\\/www.tourisme-volvestre.fr\\\/es\\\/#website\",\"url\":\"https:\\\/\\\/www.tourisme-volvestre.fr\\\/es\\\/\",\"name\":\"Volvestre Tourisme\",\"description\":\"\",\"publisher\":{\"@id\":\"https:\\\/\\\/www.tourisme-volvestre.fr\\\/es\\\/#organization\"},\"alternateName\":\"OT Volvestre\",\"potentialAction\":[{\"@type\":\"SearchAction\",\"target\":{\"@type\":\"EntryPoint\",\"urlTemplate\":\"https:\\\/\\\/www.tourisme-volvestre.fr\\\/es\\\/?s={search_term_string}\"},\"query-input\":{\"@type\":\"PropertyValueSpecification\",\"valueRequired\":true,\"valueName\":\"search_term_string\"}}],\"inLanguage\":\"es\"},{\"@type\":\"Organization\",\"@id\":\"https:\\\/\\\/www.tourisme-volvestre.fr\\\/es\\\/#organization\",\"name\":\"Volvestre Tourisme\",\"url\":\"https:\\\/\\\/www.tourisme-volvestre.fr\\\/es\\\/\",\"logo\":{\"@type\":\"ImageObject\",\"inLanguage\":\"es\",\"@id\":\"https:\\\/\\\/www.tourisme-volvestre.fr\\\/es\\\/#\\\/schema\\\/logo\\\/image\\\/\",\"url\":\"https:\\\/\\\/www.tourisme-volvestre.fr\\\/wp-content\\\/uploads\\\/2025\\\/02\\\/logo-site.png\",\"contentUrl\":\"https:\\\/\\\/www.tourisme-volvestre.fr\\\/wp-content\\\/uploads\\\/2025\\\/02\\\/logo-site.png\",\"width\":152,\"height\":152,\"caption\":\"Volvestre Tourisme\"},\"image\":{\"@id\":\"https:\\\/\\\/www.tourisme-volvestre.fr\\\/es\\\/#\\\/schema\\\/logo\\\/image\\\/\"},\"sameAs\":[\"https:\\\/\\\/www.facebook.com\\\/TourismeVolvestre\",\"https:\\\/\\\/www.instagram.com\\\/tourismevolvestre\"]},{\"@type\":\"Person\",\"@id\":\"https:\\\/\\\/www.tourisme-volvestre.fr\\\/es\\\/#\\\/schema\\\/person\\\/b02d5e546bd6b4226a52a12e158e6c96\",\"name\":\"Oc\u00e9ane BOSC\",\"image\":{\"@type\":\"ImageObject\",\"inLanguage\":\"es\",\"@id\":\"https:\\\/\\\/secure.gravatar.com\\\/avatar\\\/043e8ec29120e506199de767e94b555eab870dd92a89970dc53c302ede32ccfc?s=96&d=mm&r=g\",\"url\":\"https:\\\/\\\/secure.gravatar.com\\\/avatar\\\/043e8ec29120e506199de767e94b555eab870dd92a89970dc53c302ede32ccfc?s=96&d=mm&r=g\",\"contentUrl\":\"https:\\\/\\\/secure.gravatar.com\\\/avatar\\\/043e8ec29120e506199de767e94b555eab870dd92a89970dc53c302ede32ccfc?s=96&d=mm&r=g\",\"caption\":\"Oc\u00e9ane BOSC\"}}]}<\/script>\n<!-- \/ Yoast SEO plugin. -->","yoast_head_json":{"title":"Campa\u00f1a de recaudaci\u00f3n de fondos para la renovaci\u00f3n de la iglesia de Lapeyr\u00e8re - Volvestre Tourisme","description":"\u00a1Te necesitamos! Participa en la recaudaci\u00f3n de fondos en l\u00ednea para la renovaci\u00f3n de la iglesia Saint-Aubin de Lapeyr\u00e8re, en Volvestre.","robots":{"index":"index","follow":"follow","max-snippet":"max-snippet:-1","max-image-preview":"max-image-preview:large","max-video-preview":"max-video-preview:-1"},"canonical":"https:\/\/www.tourisme-volvestre.fr\/es\/campana-de-recaudacion-de-fondos-para-la-renovacion-de-la-iglesia-de-lapeyrere\/","og_locale":"es_ES","og_type":"article","og_title":"Campa\u00f1a de recaudaci\u00f3n de fondos para la renovaci\u00f3n de la iglesia de Lapeyr\u00e8re - Volvestre Tourisme","og_description":"\u00a1Te necesitamos! Participa en la recaudaci\u00f3n de fondos en l\u00ednea para la renovaci\u00f3n de la iglesia Saint-Aubin de Lapeyr\u00e8re, en Volvestre.","og_url":"https:\/\/www.tourisme-volvestre.fr\/es\/campana-de-recaudacion-de-fondos-para-la-renovacion-de-la-iglesia-de-lapeyrere\/","og_site_name":"Volvestre Tourisme","article_publisher":"https:\/\/www.facebook.com\/TourismeVolvestre","article_published_time":"2026-01-26T13:37:03+00:00","article_modified_time":"2026-01-26T14:03:31+00:00","og_image":[{"width":1080,"height":1350,"url":"https:\/\/www.tourisme-volvestre.fr\/wp-content\/uploads\/2026\/01\/9.jpg","type":"image\/jpeg"}],"author":"Oc\u00e9ane BOSC","twitter_card":"summary_large_image","twitter_misc":{"Escrito por":"Oc\u00e9ane BOSC","Tiempo de lectura":"3 minutos"},"schema":{"@context":"https:\/\/schema.org","@graph":[{"@type":"Article","@id":"https:\/\/www.tourisme-volvestre.fr\/es\/campana-de-recaudacion-de-fondos-para-la-renovacion-de-la-iglesia-de-lapeyrere\/#article","isPartOf":{"@id":"https:\/\/www.tourisme-volvestre.fr\/es\/campana-de-recaudacion-de-fondos-para-la-renovacion-de-la-iglesia-de-lapeyrere\/"},"author":{"name":"Oc\u00e9ane BOSC","@id":"https:\/\/www.tourisme-volvestre.fr\/es\/#\/schema\/person\/b02d5e546bd6b4226a52a12e158e6c96"},"headline":"Campa\u00f1a de recaudaci\u00f3n de fondos para la renovaci\u00f3n de la iglesia de Lapeyr\u00e8re","datePublished":"2026-01-26T13:37:03+00:00","dateModified":"2026-01-26T14:03:31+00:00","mainEntityOfPage":{"@id":"https:\/\/www.tourisme-volvestre.fr\/es\/campana-de-recaudacion-de-fondos-para-la-renovacion-de-la-iglesia-de-lapeyrere\/"},"wordCount":573,"publisher":{"@id":"https:\/\/www.tourisme-volvestre.fr\/es\/#organization"},"image":{"@id":"https:\/\/www.tourisme-volvestre.fr\/es\/campana-de-recaudacion-de-fondos-para-la-renovacion-de-la-iglesia-de-lapeyrere\/#primaryimage"},"thumbnailUrl":"https:\/\/www.tourisme-volvestre.fr\/wp-content\/uploads\/2026\/01\/9.jpg","articleSection":["Actualit\u00e9"],"inLanguage":"es"},{"@type":"WebPage","@id":"https:\/\/www.tourisme-volvestre.fr\/es\/campana-de-recaudacion-de-fondos-para-la-renovacion-de-la-iglesia-de-lapeyrere\/","url":"https:\/\/www.tourisme-volvestre.fr\/es\/campana-de-recaudacion-de-fondos-para-la-renovacion-de-la-iglesia-de-lapeyrere\/","name":"Campa\u00f1a de recaudaci\u00f3n de fondos para la renovaci\u00f3n de la iglesia de Lapeyr\u00e8re - Volvestre Tourisme","isPartOf":{"@id":"https:\/\/www.tourisme-volvestre.fr\/es\/#website"},"primaryImageOfPage":{"@id":"https:\/\/www.tourisme-volvestre.fr\/es\/campana-de-recaudacion-de-fondos-para-la-renovacion-de-la-iglesia-de-lapeyrere\/#primaryimage"},"image":{"@id":"https:\/\/www.tourisme-volvestre.fr\/es\/campana-de-recaudacion-de-fondos-para-la-renovacion-de-la-iglesia-de-lapeyrere\/#primaryimage"},"thumbnailUrl":"https:\/\/www.tourisme-volvestre.fr\/wp-content\/uploads\/2026\/01\/9.jpg","datePublished":"2026-01-26T13:37:03+00:00","dateModified":"2026-01-26T14:03:31+00:00","description":"\u00a1Te necesitamos! Participa en la recaudaci\u00f3n de fondos en l\u00ednea para la renovaci\u00f3n de la iglesia Saint-Aubin de Lapeyr\u00e8re, en Volvestre.","breadcrumb":{"@id":"https:\/\/www.tourisme-volvestre.fr\/es\/campana-de-recaudacion-de-fondos-para-la-renovacion-de-la-iglesia-de-lapeyrere\/#breadcrumb"},"inLanguage":"es","potentialAction":[{"@type":"ReadAction","target":["https:\/\/www.tourisme-volvestre.fr\/es\/campana-de-recaudacion-de-fondos-para-la-renovacion-de-la-iglesia-de-lapeyrere\/"]}]},{"@type":"ImageObject","inLanguage":"es","@id":"https:\/\/www.tourisme-volvestre.fr\/es\/campana-de-recaudacion-de-fondos-para-la-renovacion-de-la-iglesia-de-lapeyrere\/#primaryimage","url":"https:\/\/www.tourisme-volvestre.fr\/wp-content\/uploads\/2026\/01\/9.jpg","contentUrl":"https:\/\/www.tourisme-volvestre.fr\/wp-content\/uploads\/2026\/01\/9.jpg","width":1080,"height":1350},{"@type":"BreadcrumbList","@id":"https:\/\/www.tourisme-volvestre.fr\/es\/campana-de-recaudacion-de-fondos-para-la-renovacion-de-la-iglesia-de-lapeyrere\/#breadcrumb","itemListElement":[{"@type":"ListItem","position":1,"name":"Accueil","item":"https:\/\/www.tourisme-volvestre.fr\/es\/?lang=es"},{"@type":"ListItem","position":2,"name":"Actualidad","item":"https:\/\/www.tourisme-volvestre.fr\/es\/category\/actualidad\/"},{"@type":"ListItem","position":3,"name":"Campa\u00f1a de recaudaci\u00f3n de fondos para la renovaci\u00f3n de la iglesia de Lapeyr\u00e8re"}]},{"@type":"WebSite","@id":"https:\/\/www.tourisme-volvestre.fr\/es\/#website","url":"https:\/\/www.tourisme-volvestre.fr\/es\/","name":"Volvestre Tourisme","description":"","publisher":{"@id":"https:\/\/www.tourisme-volvestre.fr\/es\/#organization"},"alternateName":"OT Volvestre","potentialAction":[{"@type":"SearchAction","target":{"@type":"EntryPoint","urlTemplate":"https:\/\/www.tourisme-volvestre.fr\/es\/?s={search_term_string}"},"query-input":{"@type":"PropertyValueSpecification","valueRequired":true,"valueName":"search_term_string"}}],"inLanguage":"es"},{"@type":"Organization","@id":"https:\/\/www.tourisme-volvestre.fr\/es\/#organization","name":"Volvestre Tourisme","url":"https:\/\/www.tourisme-volvestre.fr\/es\/","logo":{"@type":"ImageObject","inLanguage":"es","@id":"https:\/\/www.tourisme-volvestre.fr\/es\/#\/schema\/logo\/image\/","url":"https:\/\/www.tourisme-volvestre.fr\/wp-content\/uploads\/2025\/02\/logo-site.png","contentUrl":"https:\/\/www.tourisme-volvestre.fr\/wp-content\/uploads\/2025\/02\/logo-site.png","width":152,"height":152,"caption":"Volvestre Tourisme"},"image":{"@id":"https:\/\/www.tourisme-volvestre.fr\/es\/#\/schema\/logo\/image\/"},"sameAs":["https:\/\/www.facebook.com\/TourismeVolvestre","https:\/\/www.instagram.com\/tourismevolvestre"]},{"@type":"Person","@id":"https:\/\/www.tourisme-volvestre.fr\/es\/#\/schema\/person\/b02d5e546bd6b4226a52a12e158e6c96","name":"Oc\u00e9ane BOSC","image":{"@type":"ImageObject","inLanguage":"es","@id":"https:\/\/secure.gravatar.com\/avatar\/043e8ec29120e506199de767e94b555eab870dd92a89970dc53c302ede32ccfc?s=96&d=mm&r=g","url":"https:\/\/secure.gravatar.com\/avatar\/043e8ec29120e506199de767e94b555eab870dd92a89970dc53c302ede32ccfc?s=96&d=mm&r=g","contentUrl":"https:\/\/secure.gravatar.com\/avatar\/043e8ec29120e506199de767e94b555eab870dd92a89970dc53c302ede32ccfc?s=96&d=mm&r=g","caption":"Oc\u00e9ane BOSC"}}]}},"_links":{"self":[{"href":"https:\/\/www.tourisme-volvestre.fr\/es\/wp-json\/wp\/v2\/posts\/11319","targetHints":{"allow":["GET"]}}],"collection":[{"href":"https:\/\/www.tourisme-volvestre.fr\/es\/wp-json\/wp\/v2\/posts"}],"about":[{"href":"https:\/\/www.tourisme-volvestre.fr\/es\/wp-json\/wp\/v2\/types\/post"}],"author":[{"embeddable":true,"href":"https:\/\/www.tourisme-volvestre.fr\/es\/wp-json\/wp\/v2\/users\/8"}],"replies":[{"embeddable":true,"href":"https:\/\/www.tourisme-volvestre.fr\/es\/wp-json\/wp\/v2\/comments?post=11319"}],"version-history":[{"count":1,"href":"https:\/\/www.tourisme-volvestre.fr\/es\/wp-json\/wp\/v2\/posts\/11319\/revisions"}],"predecessor-version":[{"id":11320,"href":"https:\/\/www.tourisme-volvestre.fr\/es\/wp-json\/wp\/v2\/posts\/11319\/revisions\/11320"}],"wp:featuredmedia":[{"embeddable":true,"href":"https:\/\/www.tourisme-volvestre.fr\/es\/wp-json\/wp\/v2\/media\/11276"}],"wp:attachment":[{"href":"https:\/\/www.tourisme-volvestre.fr\/es\/wp-json\/wp\/v2\/media?parent=11319"}],"wp:term":[{"taxonomy":"category","embeddable":true,"href":"https:\/\/www.tourisme-volvestre.fr\/es\/wp-json\/wp\/v2\/categories?post=11319"},{"taxonomy":"post_tag","embeddable":true,"href":"https:\/\/www.tourisme-volvestre.fr\/es\/wp-json\/wp\/v2\/tags?post=11319"}],"curies":[{"name":"wp","href":"https:\/\/api.w.org\/{rel}","templated":true}]}}