{"id":11954,"date":"2026-04-30T10:44:26","date_gmt":"2026-04-30T08:44:26","guid":{"rendered":"https:\/\/www.tourisme-volvestre.fr\/mayo-en-bicicleta\/"},"modified":"2026-04-30T10:57:15","modified_gmt":"2026-04-30T08:57:15","slug":"mayo-en-bicicleta","status":"publish","type":"post","link":"https:\/\/www.tourisme-volvestre.fr\/es\/mayo-en-bicicleta\/","title":{"rendered":"Mayo en bicicleta"},"content":{"rendered":"\n<p class=\"has-contrast-2-color has-text-color has-link-color wp-elements-8d8d63d77b862c560f9fc8acff7eccd9\" style=\"font-size:clamp(0.875rem, 0.875rem + ((1vw - 0.2rem) * 0.542), 1.2rem);\"><strong>En mayo, haz lo que quieras\u2026 \u00a1pero hazlo en bicicleta!<\/strong><\/p>\n\n<div class=\"wp-block-columns is-layout-flex wp-container-core-columns-is-layout-28f84493 wp-block-columns-is-layout-flex\">\n<div class=\"wp-block-column is-layout-flow wp-block-column-is-layout-flow\">\n<div class=\"wp-block-columns is-layout-flex wp-container-core-columns-is-layout-28f84493 wp-block-columns-is-layout-flex\">\n<div class=\"wp-block-column is-layout-flow wp-block-column-is-layout-flow\">\n<div class=\"wp-block-columns is-layout-flex wp-container-core-columns-is-layout-28f84493 wp-block-columns-is-layout-flex\">\n<div class=\"wp-block-column is-layout-flow wp-block-column-is-layout-flow\">\n<p><strong>\u00a1Un mes para disfrutar del ciclismo toda la vida! <\/strong><br\/><br\/>Con motivo del evento nacional <strong><strong>&#8220;Mai \u00e0 v\u00e9lo&#8221; , la asociaci\u00f3n V\u00e9lo107<\/strong><\/strong> invita a j\u00f3venes y mayores a disfrutar de una experiencia amigable y festiva centrada en el ciclismo. El programa incluye actividades accesibles para todos, para (re)descubrir la regi\u00f3n en bicicleta, en familia o con amigos. <\/p>\n\n\n\n<p>Tanto si eres un ciclista experimentado como si eres un aficionado, aprovecha este evento para compartir buenos momentos mientras adoptas una forma de desplazarte m\u00e1s suave, divertida y respetuosa con el medio ambiente.<\/p>\n<\/div>\n\n\n\n<div class=\"wp-block-column is-layout-flow wp-block-column-is-layout-flow\">\n<figure class=\"wp-block-image aligncenter size-full is-style-rounded is-style-rounded--1\"><img loading=\"lazy\" decoding=\"async\" width=\"970\" height=\"544\" src=\"https:\/\/www.tourisme-volvestre.fr\/wp-content\/uploads\/2026\/04\/Capture-decran-2026-04-23-a-15.21.35-1.png\" alt=\"\" class=\"wp-image-11942\" style=\"aspect-ratio:1.7831755670655474\" srcset=\"https:\/\/www.tourisme-volvestre.fr\/wp-content\/uploads\/2026\/04\/Capture-decran-2026-04-23-a-15.21.35-1.png 970w, https:\/\/www.tourisme-volvestre.fr\/wp-content\/uploads\/2026\/04\/Capture-decran-2026-04-23-a-15.21.35-1-300x168.png 300w, https:\/\/www.tourisme-volvestre.fr\/wp-content\/uploads\/2026\/04\/Capture-decran-2026-04-23-a-15.21.35-1-768x431.png 768w\" sizes=\"auto, (max-width: 970px) 100vw, 970px\" \/><\/figure>\n<\/div>\n<\/div>\n\n\n\n<p class=\"has-text-align-center has-contrast-2-color has-text-color has-link-color wp-elements-625b666a4ded6c420dad8e736e28a12a\"><strong>Durante todo el mes de mayo, la regi\u00f3n de Toulouse Sur se vuelca en el ciclismo con una amplia gama de actividades para todos los p\u00fablicos: autobuses en bicicleta para escolares, talleres de reparaci\u00f3n, sesiones de repaso, rutas de descubrimiento, proyecciones de pel\u00edculas y debates, y eventos festivos.<\/strong><\/p>\n\n\n\n<div class=\"wp-block-buttons is-content-justification-center is-layout-flex wp-container-core-buttons-is-layout-a89b3969 wp-block-buttons-is-layout-flex\">\n<div class=\"wp-block-button\"><a class=\"wp-block-button__link wp-element-button\" href=\"https:\/\/www.tourisme-volvestre.fr\/wp-content\/uploads\/2026\/04\/mai-a-velo_v5.pdf\">\u00a1Consulta aqu\u00ed el programa completo! <\/a><\/div>\n<\/div>\n\n\n\n<div style=\"height:7px\" aria-hidden=\"true\" class=\"wp-block-spacer\"><\/div>\n<\/div>\n<\/div>\n<\/div>\n<\/div>\n\n<h2 class=\"wp-block-heading\">Eventos que no te puedes perder <\/h2>\n\n<ul class=\"wp-block-list\">\n<li>Todos los mi\u00e9rcoles: servicio de autob\u00fas en bicicleta a las escuelas de Carbonne.<br\/>Informaci\u00f3n e inscripciones por correo electr\u00f3nico: <a href=\"mailto:assovelo107@gmail.com\">assovelo107@gmail.com<\/a> <\/li>\n\n\n\n<li>Presentaci\u00f3n y espect\u00e1culo en el pumptrack de Bois-de-Castres <\/li>\n\n\n\n<li>Escapada en bicicleta para un recorrido accesible de 25-30 km. <\/li>\n\n\n\n<li>Talleres de reparaci\u00f3n y circuito educativo para ni\u00f1os. <\/li>\n\n\n\n<li>Eventos festivos y culturales: proyecciones de pel\u00edculas seguidas de debates, paseos musicales, conciertos antes de la cena, veladas musicales.<\/li>\n\n\n\n<li>Venta de bicicletas de segunda mano <\/li>\n<\/ul>\n\n<h2 class=\"wp-block-heading\">La regi\u00f3n de V\u00f6lvestre est\u00e1 contigo <\/h2>\n\n<p>Este evento forma parte del programa Nou-v\u00e9lo, una iniciativa dedicada a hacer que el ciclismo sea accesible para todos. Mediante acciones concretas \u2014aprendizaje, reparaci\u00f3n, reutilizaci\u00f3n y pr\u00e9stamo de bicicletas el\u00e9ctricas\u2014 el programa fomenta un ciclismo sencillo, accesible y sostenible. <\/p>\n\n<p><strong>Para m\u00e1s informaci\u00f3n:<\/strong><br\/>\ud83d\udce7 <a href=\"mailto:mobilites@payssudtoulousain.fr\">mobilites@payssudtoulousain.fr<\/a><br\/>\ud83d\udcde 05 61 97 74 24 <\/p>\n\n<div class=\"wp-block-group alignfull has-accent-4-background-color has-background has-global-padding is-layout-constrained wp-container-core-group-is-layout-ed5e8923 wp-block-group-is-layout-constrained\" style=\"margin-top:var(--wp--preset--spacing--20);margin-bottom:0;padding-top:var(--wp--preset--spacing--20);padding-right:var(--wp--preset--spacing--20);padding-bottom:var(--wp--preset--spacing--20);padding-left:var(--wp--preset--spacing--20)\">\n<h2 class=\"wp-block-heading has-text-align-center\">Tambi\u00e9n te puede interesar\u2026<\/h2>\n\n\n\n<div class=\"wp-block-group has-global-padding is-layout-constrained wp-container-core-group-is-layout-c385debf wp-block-group-is-layout-constrained\" style=\"padding-top:var(--wp--preset--spacing--20);padding-right:var(--wp--preset--spacing--20);padding-bottom:var(--wp--preset--spacing--20);padding-left:var(--wp--preset--spacing--20)\">\n<div class=\"wp-block-columns is-layout-flex wp-container-core-columns-is-layout-28f84493 wp-block-columns-is-layout-flex\">\n<div class=\"wp-block-column is-layout-flow wp-block-column-is-layout-flow\">\n<figure class=\"wp-block-image aligncenter size-full has-custom-border\"><img loading=\"lazy\" decoding=\"async\" width=\"2560\" height=\"1440\" src=\"https:\/\/www.tourisme-volvestre.fr\/wp-content\/uploads\/2025\/06\/loisir_velo_fig@loicbel.jpg\" alt=\"\" class=\"wp-image-6301\" style=\"border-radius:25px;aspect-ratio:1;object-fit:cover\" srcset=\"https:\/\/www.tourisme-volvestre.fr\/wp-content\/uploads\/2025\/06\/loisir_velo_fig@loicbel.jpg 2560w, https:\/\/www.tourisme-volvestre.fr\/wp-content\/uploads\/2025\/06\/loisir_velo_fig@loicbel-300x169.jpg 300w, https:\/\/www.tourisme-volvestre.fr\/wp-content\/uploads\/2025\/06\/loisir_velo_fig@loicbel-1024x576.jpg 1024w, https:\/\/www.tourisme-volvestre.fr\/wp-content\/uploads\/2025\/06\/loisir_velo_fig@loicbel-768x432.jpg 768w, https:\/\/www.tourisme-volvestre.fr\/wp-content\/uploads\/2025\/06\/loisir_velo_fig@loicbel-1536x864.jpg 1536w, https:\/\/www.tourisme-volvestre.fr\/wp-content\/uploads\/2025\/06\/loisir_velo_fig@loicbel-2048x1152.jpg 2048w\" sizes=\"auto, (max-width: 2560px) 100vw, 2560px\" \/><figcaption class=\"wp-element-caption\">Latrape @Lo\u00efcBel<\/figcaption><\/figure>\n\n\n\n<div class=\"wp-block-buttons is-content-justification-center is-layout-flex wp-container-core-buttons-is-layout-a89b3969 wp-block-buttons-is-layout-flex\">\n<div class=\"wp-block-button\"><a class=\"wp-block-button__link wp-element-button\" href=\"https:\/\/www.tourisme-volvestre.fr\/es\/en-bicicleta\/\">En bicicleta<\/a><\/div>\n<\/div>\n<\/div>\n\n\n\n<div class=\"wp-block-column is-layout-flow wp-block-column-is-layout-flow\">\n<figure class=\"wp-block-image aligncenter size-full has-custom-border\"><img loading=\"lazy\" decoding=\"async\" width=\"1920\" height=\"2560\" src=\"https:\/\/www.tourisme-volvestre.fr\/wp-content\/uploads\/2026\/04\/massabrac_animation_echo_rando_smival_aut@oti-2.jpg\" alt=\"\" class=\"wp-image-11801\" style=\"border-radius:25px;aspect-ratio:1;object-fit:cover\" srcset=\"https:\/\/www.tourisme-volvestre.fr\/wp-content\/uploads\/2026\/04\/massabrac_animation_echo_rando_smival_aut@oti-2.jpg 1920w, https:\/\/www.tourisme-volvestre.fr\/wp-content\/uploads\/2026\/04\/massabrac_animation_echo_rando_smival_aut@oti-2-225x300.jpg 225w, https:\/\/www.tourisme-volvestre.fr\/wp-content\/uploads\/2026\/04\/massabrac_animation_echo_rando_smival_aut@oti-2-768x1024.jpg 768w, https:\/\/www.tourisme-volvestre.fr\/wp-content\/uploads\/2026\/04\/massabrac_animation_echo_rando_smival_aut@oti-2-1152x1536.jpg 1152w, https:\/\/www.tourisme-volvestre.fr\/wp-content\/uploads\/2026\/04\/massabrac_animation_echo_rando_smival_aut@oti-2-1536x2048.jpg 1536w\" sizes=\"auto, (max-width: 1920px) 100vw, 1920px\" \/><figcaption class=\"wp-element-caption\">Massabrac @oti<\/figcaption><\/figure>\n\n\n\n<div class=\"wp-block-buttons is-content-justification-center is-layout-flex wp-container-core-buttons-is-layout-a89b3969 wp-block-buttons-is-layout-flex\">\n<div class=\"wp-block-button\"><a class=\"wp-block-button__link wp-element-button\" href=\"https:\/\/www.tourisme-volvestre.fr\/es\/nuestras-actividades\/\">Nuestras actividades al aire libre<\/a><\/div>\n<\/div>\n<\/div>\n\n\n\n<div class=\"wp-block-column is-layout-flow wp-block-column-is-layout-flow\">\n<figure class=\"wp-block-image aligncenter size-full has-custom-border\"><img loading=\"lazy\" decoding=\"async\" width=\"2560\" height=\"1707\" src=\"https:\/\/www.tourisme-volvestre.fr\/wp-content\/uploads\/2025\/05\/montesquieuvolvestre_animation_notesdete@mathieucalviac-1-scaled.jpg\" alt=\"\" class=\"wp-image-2698\" style=\"border-radius:25px;aspect-ratio:1;object-fit:cover\" srcset=\"https:\/\/www.tourisme-volvestre.fr\/wp-content\/uploads\/2025\/05\/montesquieuvolvestre_animation_notesdete@mathieucalviac-1-scaled.jpg 2560w, https:\/\/www.tourisme-volvestre.fr\/wp-content\/uploads\/2025\/05\/montesquieuvolvestre_animation_notesdete@mathieucalviac-1-300x200.jpg 300w, https:\/\/www.tourisme-volvestre.fr\/wp-content\/uploads\/2025\/05\/montesquieuvolvestre_animation_notesdete@mathieucalviac-1-1024x683.jpg 1024w, https:\/\/www.tourisme-volvestre.fr\/wp-content\/uploads\/2025\/05\/montesquieuvolvestre_animation_notesdete@mathieucalviac-1-768x512.jpg 768w, https:\/\/www.tourisme-volvestre.fr\/wp-content\/uploads\/2025\/05\/montesquieuvolvestre_animation_notesdete@mathieucalviac-1-1536x1024.jpg 1536w, https:\/\/www.tourisme-volvestre.fr\/wp-content\/uploads\/2025\/05\/montesquieuvolvestre_animation_notesdete@mathieucalviac-1-2048x1365.jpg 2048w\" sizes=\"auto, (max-width: 2560px) 100vw, 2560px\" \/><figcaption class=\"wp-element-caption\">31 notes d&#8217;\u00e9t\u00e9 @MathieuCalviac<\/figcaption><\/figure>\n\n\n\n<div class=\"wp-block-buttons is-content-justification-center is-layout-flex wp-container-core-buttons-is-layout-a89b3969 wp-block-buttons-is-layout-flex\">\n<div class=\"wp-block-button\"><a class=\"wp-block-button__link wp-element-button\" href=\"https:\/\/www.tourisme-volvestre.fr\/es\/agenda-moverse-descubrir-visitar-bailar-saborear-probar\/\">Nuestra agenda<\/a><\/div>\n<\/div>\n<\/div>\n<\/div>\n<\/div>\n<\/div>\n\n<p><\/p>\n","protected":false},"excerpt":{"rendered":"<p>En mayo, haz lo que quieras\u2026 \u00a1pero hazlo en bicicleta! \u00a1Un mes para disfrutar del ciclismo toda la vida! Con motivo del evento nacional &#8220;Mai \u00e0 v\u00e9lo&#8221; , la asociaci\u00f3n V\u00e9lo107 invita a j\u00f3venes y mayores a disfrutar de una experiencia amigable y festiva centrada en el ciclismo. El programa incluye actividades accesibles para todos, [&hellip;]<\/p>\n","protected":false},"author":8,"featured_media":6303,"comment_status":"closed","ping_status":"closed","sticky":false,"template":"","format":"standard","meta":{"_acf_changed":false,"inline_featured_image":false,"footnotes":""},"categories":[64,109],"tags":[],"class_list":["post-11954","post","type-post","status-publish","format-standard","has-post-thumbnail","hentry","category-actividad","category-actualidad"],"acf":[],"yoast_head":"<!-- This site is optimized with the Yoast SEO plugin v27.3 - https:\/\/yoast.com\/product\/yoast-seo-wordpress\/ -->\n<title>Mayo en bicicleta - Volvestre Tourisme<\/title>\n<meta name=\"description\" content=\"En mayo, haz lo que te apetezca\u2026 \u00a1pero hazlo en bicicleta! Descubre el programa completo de este gran evento en Volvestre.\" \/>\n<meta name=\"robots\" content=\"index, follow, max-snippet:-1, max-image-preview:large, max-video-preview:-1\" \/>\n<link rel=\"canonical\" href=\"https:\/\/www.tourisme-volvestre.fr\/es\/mayo-en-bicicleta\/\" \/>\n<meta property=\"og:locale\" content=\"es_ES\" \/>\n<meta property=\"og:type\" content=\"article\" \/>\n<meta property=\"og:title\" content=\"Mayo en bicicleta - Volvestre Tourisme\" \/>\n<meta property=\"og:description\" content=\"En mayo, haz lo que te apetezca\u2026 \u00a1pero hazlo en bicicleta! Descubre el programa completo de este gran evento en Volvestre.\" \/>\n<meta property=\"og:url\" content=\"https:\/\/www.tourisme-volvestre.fr\/es\/mayo-en-bicicleta\/\" \/>\n<meta property=\"og:site_name\" content=\"Volvestre Tourisme\" \/>\n<meta property=\"article:publisher\" content=\"https:\/\/www.facebook.com\/TourismeVolvestre\" \/>\n<meta property=\"article:published_time\" content=\"2026-04-30T08:44:26+00:00\" \/>\n<meta property=\"article:modified_time\" content=\"2026-04-30T08:57:15+00:00\" \/>\n<meta property=\"og:image\" content=\"https:\/\/www.tourisme-volvestre.fr\/wp-content\/uploads\/2025\/06\/loisir_velo_fig@loicbel.jpg\" \/>\n\t<meta property=\"og:image:width\" content=\"2560\" \/>\n\t<meta property=\"og:image:height\" content=\"1440\" \/>\n\t<meta property=\"og:image:type\" content=\"image\/jpeg\" \/>\n<meta name=\"author\" content=\"Oc\u00e9ane BOSC\" \/>\n<meta name=\"twitter:card\" content=\"summary_large_image\" \/>\n<meta name=\"twitter:label1\" content=\"Escrito por\" \/>\n\t<meta name=\"twitter:data1\" content=\"Oc\u00e9ane BOSC\" \/>\n\t<meta name=\"twitter:label2\" content=\"Tiempo de lectura\" \/>\n\t<meta name=\"twitter:data2\" content=\"2 minutos\" \/>\n<script type=\"application\/ld+json\" class=\"yoast-schema-graph\">{\"@context\":\"https:\\\/\\\/schema.org\",\"@graph\":[{\"@type\":\"Article\",\"@id\":\"https:\\\/\\\/www.tourisme-volvestre.fr\\\/es\\\/mayo-en-bicicleta\\\/#article\",\"isPartOf\":{\"@id\":\"https:\\\/\\\/www.tourisme-volvestre.fr\\\/es\\\/mayo-en-bicicleta\\\/\"},\"author\":{\"name\":\"Oc\u00e9ane BOSC\",\"@id\":\"https:\\\/\\\/www.tourisme-volvestre.fr\\\/es\\\/#\\\/schema\\\/person\\\/b02d5e546bd6b4226a52a12e158e6c96\"},\"headline\":\"Mayo en bicicleta\",\"datePublished\":\"2026-04-30T08:44:26+00:00\",\"dateModified\":\"2026-04-30T08:57:15+00:00\",\"mainEntityOfPage\":{\"@id\":\"https:\\\/\\\/www.tourisme-volvestre.fr\\\/es\\\/mayo-en-bicicleta\\\/\"},\"wordCount\":335,\"publisher\":{\"@id\":\"https:\\\/\\\/www.tourisme-volvestre.fr\\\/es\\\/#organization\"},\"image\":{\"@id\":\"https:\\\/\\\/www.tourisme-volvestre.fr\\\/es\\\/mayo-en-bicicleta\\\/#primaryimage\"},\"thumbnailUrl\":\"https:\\\/\\\/www.tourisme-volvestre.fr\\\/wp-content\\\/uploads\\\/2025\\\/06\\\/loisir_velo_fig@loicbel.jpg\",\"articleSection\":[\"Actividad\",\"Actualidad\"],\"inLanguage\":\"es\"},{\"@type\":\"WebPage\",\"@id\":\"https:\\\/\\\/www.tourisme-volvestre.fr\\\/es\\\/mayo-en-bicicleta\\\/\",\"url\":\"https:\\\/\\\/www.tourisme-volvestre.fr\\\/es\\\/mayo-en-bicicleta\\\/\",\"name\":\"Mayo en bicicleta - Volvestre Tourisme\",\"isPartOf\":{\"@id\":\"https:\\\/\\\/www.tourisme-volvestre.fr\\\/es\\\/#website\"},\"primaryImageOfPage\":{\"@id\":\"https:\\\/\\\/www.tourisme-volvestre.fr\\\/es\\\/mayo-en-bicicleta\\\/#primaryimage\"},\"image\":{\"@id\":\"https:\\\/\\\/www.tourisme-volvestre.fr\\\/es\\\/mayo-en-bicicleta\\\/#primaryimage\"},\"thumbnailUrl\":\"https:\\\/\\\/www.tourisme-volvestre.fr\\\/wp-content\\\/uploads\\\/2025\\\/06\\\/loisir_velo_fig@loicbel.jpg\",\"datePublished\":\"2026-04-30T08:44:26+00:00\",\"dateModified\":\"2026-04-30T08:57:15+00:00\",\"description\":\"En mayo, haz lo que te apetezca\u2026 \u00a1pero hazlo en bicicleta! Descubre el programa completo de este gran evento en Volvestre.\",\"breadcrumb\":{\"@id\":\"https:\\\/\\\/www.tourisme-volvestre.fr\\\/es\\\/mayo-en-bicicleta\\\/#breadcrumb\"},\"inLanguage\":\"es\",\"potentialAction\":[{\"@type\":\"ReadAction\",\"target\":[\"https:\\\/\\\/www.tourisme-volvestre.fr\\\/es\\\/mayo-en-bicicleta\\\/\"]}]},{\"@type\":\"ImageObject\",\"inLanguage\":\"es\",\"@id\":\"https:\\\/\\\/www.tourisme-volvestre.fr\\\/es\\\/mayo-en-bicicleta\\\/#primaryimage\",\"url\":\"https:\\\/\\\/www.tourisme-volvestre.fr\\\/wp-content\\\/uploads\\\/2025\\\/06\\\/loisir_velo_fig@loicbel.jpg\",\"contentUrl\":\"https:\\\/\\\/www.tourisme-volvestre.fr\\\/wp-content\\\/uploads\\\/2025\\\/06\\\/loisir_velo_fig@loicbel.jpg\",\"width\":2560,\"height\":1440},{\"@type\":\"BreadcrumbList\",\"@id\":\"https:\\\/\\\/www.tourisme-volvestre.fr\\\/es\\\/mayo-en-bicicleta\\\/#breadcrumb\",\"itemListElement\":[{\"@type\":\"ListItem\",\"position\":1,\"name\":\"Accueil\",\"item\":\"https:\\\/\\\/www.tourisme-volvestre.fr\\\/es\\\/?lang=es\"},{\"@type\":\"ListItem\",\"position\":2,\"name\":\"Sin categor\u00eda\",\"item\":\"https:\\\/\\\/www.tourisme-volvestre.fr\\\/es\\\/category\\\/sin-categoria\\\/\"},{\"@type\":\"ListItem\",\"position\":3,\"name\":\"Mayo en bicicleta\"}]},{\"@type\":\"WebSite\",\"@id\":\"https:\\\/\\\/www.tourisme-volvestre.fr\\\/es\\\/#website\",\"url\":\"https:\\\/\\\/www.tourisme-volvestre.fr\\\/es\\\/\",\"name\":\"Volvestre Tourisme\",\"description\":\"\",\"publisher\":{\"@id\":\"https:\\\/\\\/www.tourisme-volvestre.fr\\\/es\\\/#organization\"},\"alternateName\":\"OT Volvestre\",\"potentialAction\":[{\"@type\":\"SearchAction\",\"target\":{\"@type\":\"EntryPoint\",\"urlTemplate\":\"https:\\\/\\\/www.tourisme-volvestre.fr\\\/es\\\/?s={search_term_string}\"},\"query-input\":{\"@type\":\"PropertyValueSpecification\",\"valueRequired\":true,\"valueName\":\"search_term_string\"}}],\"inLanguage\":\"es\"},{\"@type\":\"Organization\",\"@id\":\"https:\\\/\\\/www.tourisme-volvestre.fr\\\/es\\\/#organization\",\"name\":\"Volvestre Tourisme\",\"url\":\"https:\\\/\\\/www.tourisme-volvestre.fr\\\/es\\\/\",\"logo\":{\"@type\":\"ImageObject\",\"inLanguage\":\"es\",\"@id\":\"https:\\\/\\\/www.tourisme-volvestre.fr\\\/es\\\/#\\\/schema\\\/logo\\\/image\\\/\",\"url\":\"https:\\\/\\\/www.tourisme-volvestre.fr\\\/wp-content\\\/uploads\\\/2025\\\/02\\\/logo-site.png\",\"contentUrl\":\"https:\\\/\\\/www.tourisme-volvestre.fr\\\/wp-content\\\/uploads\\\/2025\\\/02\\\/logo-site.png\",\"width\":152,\"height\":152,\"caption\":\"Volvestre Tourisme\"},\"image\":{\"@id\":\"https:\\\/\\\/www.tourisme-volvestre.fr\\\/es\\\/#\\\/schema\\\/logo\\\/image\\\/\"},\"sameAs\":[\"https:\\\/\\\/www.facebook.com\\\/TourismeVolvestre\",\"https:\\\/\\\/www.instagram.com\\\/tourismevolvestre\"]},{\"@type\":\"Person\",\"@id\":\"https:\\\/\\\/www.tourisme-volvestre.fr\\\/es\\\/#\\\/schema\\\/person\\\/b02d5e546bd6b4226a52a12e158e6c96\",\"name\":\"Oc\u00e9ane BOSC\",\"image\":{\"@type\":\"ImageObject\",\"inLanguage\":\"es\",\"@id\":\"https:\\\/\\\/secure.gravatar.com\\\/avatar\\\/043e8ec29120e506199de767e94b555eab870dd92a89970dc53c302ede32ccfc?s=96&d=mm&r=g\",\"url\":\"https:\\\/\\\/secure.gravatar.com\\\/avatar\\\/043e8ec29120e506199de767e94b555eab870dd92a89970dc53c302ede32ccfc?s=96&d=mm&r=g\",\"contentUrl\":\"https:\\\/\\\/secure.gravatar.com\\\/avatar\\\/043e8ec29120e506199de767e94b555eab870dd92a89970dc53c302ede32ccfc?s=96&d=mm&r=g\",\"caption\":\"Oc\u00e9ane BOSC\"}}]}<\/script>\n<!-- \/ Yoast SEO plugin. -->","yoast_head_json":{"title":"Mayo en bicicleta - Volvestre Tourisme","description":"En mayo, haz lo que te apetezca\u2026 \u00a1pero hazlo en bicicleta! Descubre el programa completo de este gran evento en Volvestre.","robots":{"index":"index","follow":"follow","max-snippet":"max-snippet:-1","max-image-preview":"max-image-preview:large","max-video-preview":"max-video-preview:-1"},"canonical":"https:\/\/www.tourisme-volvestre.fr\/es\/mayo-en-bicicleta\/","og_locale":"es_ES","og_type":"article","og_title":"Mayo en bicicleta - Volvestre Tourisme","og_description":"En mayo, haz lo que te apetezca\u2026 \u00a1pero hazlo en bicicleta! Descubre el programa completo de este gran evento en Volvestre.","og_url":"https:\/\/www.tourisme-volvestre.fr\/es\/mayo-en-bicicleta\/","og_site_name":"Volvestre Tourisme","article_publisher":"https:\/\/www.facebook.com\/TourismeVolvestre","article_published_time":"2026-04-30T08:44:26+00:00","article_modified_time":"2026-04-30T08:57:15+00:00","og_image":[{"width":2560,"height":1440,"url":"https:\/\/www.tourisme-volvestre.fr\/wp-content\/uploads\/2025\/06\/loisir_velo_fig@loicbel.jpg","type":"image\/jpeg"}],"author":"Oc\u00e9ane BOSC","twitter_card":"summary_large_image","twitter_misc":{"Escrito por":"Oc\u00e9ane BOSC","Tiempo de lectura":"2 minutos"},"schema":{"@context":"https:\/\/schema.org","@graph":[{"@type":"Article","@id":"https:\/\/www.tourisme-volvestre.fr\/es\/mayo-en-bicicleta\/#article","isPartOf":{"@id":"https:\/\/www.tourisme-volvestre.fr\/es\/mayo-en-bicicleta\/"},"author":{"name":"Oc\u00e9ane BOSC","@id":"https:\/\/www.tourisme-volvestre.fr\/es\/#\/schema\/person\/b02d5e546bd6b4226a52a12e158e6c96"},"headline":"Mayo en bicicleta","datePublished":"2026-04-30T08:44:26+00:00","dateModified":"2026-04-30T08:57:15+00:00","mainEntityOfPage":{"@id":"https:\/\/www.tourisme-volvestre.fr\/es\/mayo-en-bicicleta\/"},"wordCount":335,"publisher":{"@id":"https:\/\/www.tourisme-volvestre.fr\/es\/#organization"},"image":{"@id":"https:\/\/www.tourisme-volvestre.fr\/es\/mayo-en-bicicleta\/#primaryimage"},"thumbnailUrl":"https:\/\/www.tourisme-volvestre.fr\/wp-content\/uploads\/2025\/06\/loisir_velo_fig@loicbel.jpg","articleSection":["Actividad","Actualidad"],"inLanguage":"es"},{"@type":"WebPage","@id":"https:\/\/www.tourisme-volvestre.fr\/es\/mayo-en-bicicleta\/","url":"https:\/\/www.tourisme-volvestre.fr\/es\/mayo-en-bicicleta\/","name":"Mayo en bicicleta - Volvestre Tourisme","isPartOf":{"@id":"https:\/\/www.tourisme-volvestre.fr\/es\/#website"},"primaryImageOfPage":{"@id":"https:\/\/www.tourisme-volvestre.fr\/es\/mayo-en-bicicleta\/#primaryimage"},"image":{"@id":"https:\/\/www.tourisme-volvestre.fr\/es\/mayo-en-bicicleta\/#primaryimage"},"thumbnailUrl":"https:\/\/www.tourisme-volvestre.fr\/wp-content\/uploads\/2025\/06\/loisir_velo_fig@loicbel.jpg","datePublished":"2026-04-30T08:44:26+00:00","dateModified":"2026-04-30T08:57:15+00:00","description":"En mayo, haz lo que te apetezca\u2026 \u00a1pero hazlo en bicicleta! Descubre el programa completo de este gran evento en Volvestre.","breadcrumb":{"@id":"https:\/\/www.tourisme-volvestre.fr\/es\/mayo-en-bicicleta\/#breadcrumb"},"inLanguage":"es","potentialAction":[{"@type":"ReadAction","target":["https:\/\/www.tourisme-volvestre.fr\/es\/mayo-en-bicicleta\/"]}]},{"@type":"ImageObject","inLanguage":"es","@id":"https:\/\/www.tourisme-volvestre.fr\/es\/mayo-en-bicicleta\/#primaryimage","url":"https:\/\/www.tourisme-volvestre.fr\/wp-content\/uploads\/2025\/06\/loisir_velo_fig@loicbel.jpg","contentUrl":"https:\/\/www.tourisme-volvestre.fr\/wp-content\/uploads\/2025\/06\/loisir_velo_fig@loicbel.jpg","width":2560,"height":1440},{"@type":"BreadcrumbList","@id":"https:\/\/www.tourisme-volvestre.fr\/es\/mayo-en-bicicleta\/#breadcrumb","itemListElement":[{"@type":"ListItem","position":1,"name":"Accueil","item":"https:\/\/www.tourisme-volvestre.fr\/es\/?lang=es"},{"@type":"ListItem","position":2,"name":"Sin categor\u00eda","item":"https:\/\/www.tourisme-volvestre.fr\/es\/category\/sin-categoria\/"},{"@type":"ListItem","position":3,"name":"Mayo en bicicleta"}]},{"@type":"WebSite","@id":"https:\/\/www.tourisme-volvestre.fr\/es\/#website","url":"https:\/\/www.tourisme-volvestre.fr\/es\/","name":"Volvestre Tourisme","description":"","publisher":{"@id":"https:\/\/www.tourisme-volvestre.fr\/es\/#organization"},"alternateName":"OT Volvestre","potentialAction":[{"@type":"SearchAction","target":{"@type":"EntryPoint","urlTemplate":"https:\/\/www.tourisme-volvestre.fr\/es\/?s={search_term_string}"},"query-input":{"@type":"PropertyValueSpecification","valueRequired":true,"valueName":"search_term_string"}}],"inLanguage":"es"},{"@type":"Organization","@id":"https:\/\/www.tourisme-volvestre.fr\/es\/#organization","name":"Volvestre Tourisme","url":"https:\/\/www.tourisme-volvestre.fr\/es\/","logo":{"@type":"ImageObject","inLanguage":"es","@id":"https:\/\/www.tourisme-volvestre.fr\/es\/#\/schema\/logo\/image\/","url":"https:\/\/www.tourisme-volvestre.fr\/wp-content\/uploads\/2025\/02\/logo-site.png","contentUrl":"https:\/\/www.tourisme-volvestre.fr\/wp-content\/uploads\/2025\/02\/logo-site.png","width":152,"height":152,"caption":"Volvestre Tourisme"},"image":{"@id":"https:\/\/www.tourisme-volvestre.fr\/es\/#\/schema\/logo\/image\/"},"sameAs":["https:\/\/www.facebook.com\/TourismeVolvestre","https:\/\/www.instagram.com\/tourismevolvestre"]},{"@type":"Person","@id":"https:\/\/www.tourisme-volvestre.fr\/es\/#\/schema\/person\/b02d5e546bd6b4226a52a12e158e6c96","name":"Oc\u00e9ane BOSC","image":{"@type":"ImageObject","inLanguage":"es","@id":"https:\/\/secure.gravatar.com\/avatar\/043e8ec29120e506199de767e94b555eab870dd92a89970dc53c302ede32ccfc?s=96&d=mm&r=g","url":"https:\/\/secure.gravatar.com\/avatar\/043e8ec29120e506199de767e94b555eab870dd92a89970dc53c302ede32ccfc?s=96&d=mm&r=g","contentUrl":"https:\/\/secure.gravatar.com\/avatar\/043e8ec29120e506199de767e94b555eab870dd92a89970dc53c302ede32ccfc?s=96&d=mm&r=g","caption":"Oc\u00e9ane BOSC"}}]}},"_links":{"self":[{"href":"https:\/\/www.tourisme-volvestre.fr\/es\/wp-json\/wp\/v2\/posts\/11954","targetHints":{"allow":["GET"]}}],"collection":[{"href":"https:\/\/www.tourisme-volvestre.fr\/es\/wp-json\/wp\/v2\/posts"}],"about":[{"href":"https:\/\/www.tourisme-volvestre.fr\/es\/wp-json\/wp\/v2\/types\/post"}],"author":[{"embeddable":true,"href":"https:\/\/www.tourisme-volvestre.fr\/es\/wp-json\/wp\/v2\/users\/8"}],"replies":[{"embeddable":true,"href":"https:\/\/www.tourisme-volvestre.fr\/es\/wp-json\/wp\/v2\/comments?post=11954"}],"version-history":[{"count":1,"href":"https:\/\/www.tourisme-volvestre.fr\/es\/wp-json\/wp\/v2\/posts\/11954\/revisions"}],"predecessor-version":[{"id":11955,"href":"https:\/\/www.tourisme-volvestre.fr\/es\/wp-json\/wp\/v2\/posts\/11954\/revisions\/11955"}],"wp:featuredmedia":[{"embeddable":true,"href":"https:\/\/www.tourisme-volvestre.fr\/es\/wp-json\/wp\/v2\/media\/6303"}],"wp:attachment":[{"href":"https:\/\/www.tourisme-volvestre.fr\/es\/wp-json\/wp\/v2\/media?parent=11954"}],"wp:term":[{"taxonomy":"category","embeddable":true,"href":"https:\/\/www.tourisme-volvestre.fr\/es\/wp-json\/wp\/v2\/categories?post=11954"},{"taxonomy":"post_tag","embeddable":true,"href":"https:\/\/www.tourisme-volvestre.fr\/es\/wp-json\/wp\/v2\/tags?post=11954"}],"curies":[{"name":"wp","href":"https:\/\/api.w.org\/{rel}","templated":true}]}}