{"id":8591,"date":"2025-06-30T15:25:29","date_gmt":"2025-06-30T13:25:29","guid":{"rendered":"https:\/\/www.tourisme-volvestre.fr\/exposicion-de-arte-en-saint-sulpice-sur-leze\/"},"modified":"2025-08-21T16:42:15","modified_gmt":"2025-08-21T14:42:15","slug":"exposicion-de-arte-en-saint-sulpice-sur-leze","status":"publish","type":"post","link":"https:\/\/www.tourisme-volvestre.fr\/es\/exposicion-de-arte-en-saint-sulpice-sur-leze\/","title":{"rendered":"Exposici\u00f3n de arte en Saint-Sulpice-sur-L\u00e8ze"},"content":{"rendered":"\n<div class=\"wp-block-columns is-layout-flex wp-container-core-columns-is-layout-28f84493 wp-block-columns-is-layout-flex\">\n<div class=\"wp-block-column is-layout-flow wp-block-column-is-layout-flow\">\n<figure class=\"wp-block-image size-large is-resized is-style-rounded is-style-rounded--1\"><img loading=\"lazy\" decoding=\"async\" width=\"1024\" height=\"576\" src=\"https:\/\/www.tourisme-volvestre.fr\/wp-content\/uploads\/2025\/06\/PXL_20250621_163703783.MP2_-1024x576.jpg\" alt=\"\" class=\"wp-image-6788\" style=\"object-fit:cover;width:985px;height:400px\" srcset=\"https:\/\/www.tourisme-volvestre.fr\/wp-content\/uploads\/2025\/06\/PXL_20250621_163703783.MP2_-1024x576.jpg 1024w, https:\/\/www.tourisme-volvestre.fr\/wp-content\/uploads\/2025\/06\/PXL_20250621_163703783.MP2_-300x169.jpg 300w, https:\/\/www.tourisme-volvestre.fr\/wp-content\/uploads\/2025\/06\/PXL_20250621_163703783.MP2_-768x432.jpg 768w, https:\/\/www.tourisme-volvestre.fr\/wp-content\/uploads\/2025\/06\/PXL_20250621_163703783.MP2_-1536x864.jpg 1536w, https:\/\/www.tourisme-volvestre.fr\/wp-content\/uploads\/2025\/06\/PXL_20250621_163703783.MP2_-2048x1152.jpg 2048w\" sizes=\"auto, (max-width: 1024px) 100vw, 1024px\" \/><\/figure>\n<\/div>\n<\/div>\n\n<p class=\"has-text-align-center\">Del <strong>21 de junio al 31 de agosto<\/strong>, d\u00e9jese seducir por el encanto de <strong>Saint-Sulpice-sur-L\u00e8ze<\/strong>, una magn\u00edfica ciudad medieval fortificada. Este verano, la ciudad acoge una <strong>excepcional exposici\u00f3n de artistas y artesanos<\/strong> en el magn\u00edfico entorno del <strong>H\u00f4tel de Boutaud<\/strong>, una antigua mansi\u00f3n privada con un car\u00e1cter singular. <\/p>\n\n<p class=\"has-text-align-center\">Abra las puertas de este lugar cargado de historia para descubrir creaciones \u00fanicas, reflejos de <strong>conocimientos t\u00e9cnicos<\/strong>, pasi\u00f3n y sensibilidad art\u00edstica : pinturas, esculturas, cer\u00e1micas, vidrieras, textiles&#8230; Una aut\u00e9ntica invitaci\u00f3n al encuentro entre el patrimonio y la creaci\u00f3n contempor\u00e1nea. <\/p>\n\n<h2 class=\"wp-block-heading has-text-align-center\">Informaci\u00f3nes pr\u00e1cticas para descubrir la exposici\u00f3n<\/h2>\n\n<p class=\"has-text-align-center\">\ud83d\udd70\ufe0f Horario de apertura :<br \/><strong>Lunes :<\/strong> 09h00 \u2013 18h00 (atendido por un agente de la Oficina de Turismo de Volvestre)<br \/><strong>Martes :<\/strong> Cerrado<br \/><strong>Mi\u00e9rcoles &amp; Jueves : <\/strong>10h00 \u2013 12h00 | 14h00 \u2013 17h00<br \/><strong>Viernes &amp; S\u00e1bado :<\/strong> 10h00 \u2013 13h00 | 15h00 \u2013 18h00<br \/><strong>Domingo :<\/strong> 10h00 \u2013 13h00<br \/><br \/>\ud83d\udccc Entrada gratuita<br \/>\ud83d\udccdEn el H\u00f4tel de Boutaud en Saint-Sulpice-sur-L\u00e8ze<br \/>\ud83d\udc49 Una salida ideal para combinar cultura, patrimonio y conocimientos t\u00e9cnicos locales.<\/p>\n\n<h2 class=\"wp-block-heading has-text-align-center\">Expositores 2025 <img loading=\"lazy\" decoding=\"async\" width=\"43\" height=\"43\" class=\"wp-image-589\" style=\"width: 43px\" src=\"https:\/\/www.tourisme-volvestre.fr\/wp-content\/uploads\/2025\/02\/Group-33.png\" alt=\"\" \/><\/h2>\n\n<p class=\"has-text-align-left\"><strong>L\u2019Arbre Re vit<\/strong> \u2013 Cuadros y objetos personalizados con barniz cola<\/p>\n\n<p><strong>Association Cr\u00e9al\u00e8ze<\/strong> (Alix Charrier, Ginette Davenel, Caroline Dejean, Mich\u00e8le Jung, Marie-Fran\u00e7oise Morera, Christian Saurat, Aline Sirvent, Jacques Sirvent) \u2013 Pinturas<\/p>\n\n<p><strong>Association La Rabel\u00e8ze<\/strong> (Sophie Charpe, Ren\u00e9 M\u00e9ric, Jean Winer) \u2013 Pinturas<\/p>\n\n<p><strong>L\u2019Atelier enchant\u00e9<\/strong> \u2013 Accesorios elaborados con tela, resina y ropa reciclada<\/p>\n\n<p><strong>Au Gr\u00e9 du Vent<\/strong> \u2013 Cer\u00e1micas art\u00edsticas<\/p>\n\n<p><strong>COBREA<\/strong> \u2013 Joyas elaboradas con flores naturales y resina<\/p>\n\n<p><strong>Corinne Escoubou\u00e9<\/strong> \u2013 Pinturas<\/p>\n\n<p><strong>Dans l\u2019univers d\u2019Aline<\/strong> \u2013 Joyas y accessorios <\/p>\n\n<p><strong>Didoudam<\/strong> \u2013 Fotograf\u00edas<\/p>\n\n<p><strong>Entreprise Fut\u2019<\/strong> \u2013 Art\u00edculos y pendientes de cuero o de s\u00edmil piel<\/p>\n\n<p><strong>Fanette Flower<\/strong> \u2013 Cianotipos y impresi\u00f3nes vegetales<\/p>\n\n<p><strong>H\u00e9l\u00e8ne Julia<\/strong> \u2013 Pinturas, esculturas, serigraf\u00edas<\/p>\n\n<p><strong>Ir\u00e8ne Appleby-Barthe<\/strong> \u2013 Pinturas y cer\u00e1micas<\/p>\n\n<p><strong>Isabelle Viard<\/strong> \u2013 Or\u00e1culo, joyas, objetos de cristal y flores secas<\/p>\n\n<p><strong>Katherine Dara<\/strong> \u2013 Collages y cer\u00e1micas<\/p>\n\n<p><strong>Laure Capdefosse<\/strong> \u2013 Joyas de pol\u00edmero<\/p>\n\n<p><strong>L\u00e9onore Myango<\/strong> \u2013 Pinturas y objetos decorativos<\/p>\n\n<p><strong>Luunka<\/strong> \u2013 Bolsos y accesorios<\/p>\n\n<p><strong>Mamanouchine<\/strong> \u2013 Joyas de origami, acuarelas y creaciones po\u00e9ticas<\/p>\n\n<p><strong>Marie Delmas<\/strong> \u2013 Rompecabezas<\/p>\n\n<p><strong>M\u00e9lissa Plagnol<\/strong> \u2013 Joyas y pinzas para el pelo de fieltro<\/p>\n\n<p><strong>Pr\u00e9cieuses les Abeilles de la L\u00e8ze<\/strong> \u2013 Miel, prop\u00f3leo org\u00e1nico y cosm\u00e9tica natural<\/p>\n\n<p><strong>Rosadrea<\/strong> \u2013 Luminarias de cer\u00e1mica<\/p>\n\n<p><strong>STLart<\/strong> \u2013 Dibujos y pinturas<\/p>\n\n<p><strong>SUDRE<\/strong> \u2013 Pinturas<\/p>\n\n<p><strong>Terre B\u00e9douine<\/strong> \u2013 Cer\u00e1mica artesanal<\/p>\n\n<p><strong>Tse-Meng<\/strong> \u2013 Art\u00edculos de cuero hechos a mano (bolsos, cinturones, carteras, etc.)<\/p>\n\n<p><strong>Vladimir Barabanov<\/strong> \u2013 Muebles<\/p>\n\n<p><strong>Iryna Zolotukhina<\/strong> \u2013 Pinturas, tarjetas de quilling y accesorios para el cabello de foamiran<\/p>\n\n<div class=\"wp-block-columns is-layout-flex wp-container-core-columns-is-layout-28f84493 wp-block-columns-is-layout-flex\">\n<div class=\"wp-block-column is-layout-flow wp-block-column-is-layout-flow\">\n<figure class=\"wp-block-image size-large is-style-rounded is-style-rounded--2\"><img loading=\"lazy\" decoding=\"async\" width=\"1024\" height=\"576\" src=\"https:\/\/www.tourisme-volvestre.fr\/wp-content\/uploads\/2025\/06\/PXL_20250621_164039307.MP2_-1024x576.jpg\" alt=\"\" class=\"wp-image-6791\" style=\"aspect-ratio:1;object-fit:cover\" srcset=\"https:\/\/www.tourisme-volvestre.fr\/wp-content\/uploads\/2025\/06\/PXL_20250621_164039307.MP2_-1024x576.jpg 1024w, https:\/\/www.tourisme-volvestre.fr\/wp-content\/uploads\/2025\/06\/PXL_20250621_164039307.MP2_-300x169.jpg 300w, https:\/\/www.tourisme-volvestre.fr\/wp-content\/uploads\/2025\/06\/PXL_20250621_164039307.MP2_-768x432.jpg 768w, https:\/\/www.tourisme-volvestre.fr\/wp-content\/uploads\/2025\/06\/PXL_20250621_164039307.MP2_-1536x864.jpg 1536w, https:\/\/www.tourisme-volvestre.fr\/wp-content\/uploads\/2025\/06\/PXL_20250621_164039307.MP2_-2048x1152.jpg 2048w\" sizes=\"auto, (max-width: 1024px) 100vw, 1024px\" \/><\/figure>\n<\/div>\n\n\n\n<div class=\"wp-block-column is-layout-flow wp-block-column-is-layout-flow\">\n<figure class=\"wp-block-image size-large is-style-rounded is-style-rounded--3\"><img loading=\"lazy\" decoding=\"async\" width=\"1024\" height=\"576\" src=\"https:\/\/www.tourisme-volvestre.fr\/wp-content\/uploads\/2025\/06\/PXL_20250621_163929155.MP2_-1024x576.jpg\" alt=\"\" class=\"wp-image-6794\" style=\"aspect-ratio:1;object-fit:cover\" srcset=\"https:\/\/www.tourisme-volvestre.fr\/wp-content\/uploads\/2025\/06\/PXL_20250621_163929155.MP2_-1024x576.jpg 1024w, https:\/\/www.tourisme-volvestre.fr\/wp-content\/uploads\/2025\/06\/PXL_20250621_163929155.MP2_-300x169.jpg 300w, https:\/\/www.tourisme-volvestre.fr\/wp-content\/uploads\/2025\/06\/PXL_20250621_163929155.MP2_-768x432.jpg 768w, https:\/\/www.tourisme-volvestre.fr\/wp-content\/uploads\/2025\/06\/PXL_20250621_163929155.MP2_-1536x864.jpg 1536w, https:\/\/www.tourisme-volvestre.fr\/wp-content\/uploads\/2025\/06\/PXL_20250621_163929155.MP2_-2048x1152.jpg 2048w\" sizes=\"auto, (max-width: 1024px) 100vw, 1024px\" \/><\/figure>\n<\/div>\n\n\n\n<div class=\"wp-block-column is-layout-flow wp-block-column-is-layout-flow\">\n<figure class=\"wp-block-image size-large is-style-rounded is-style-rounded--4\"><img loading=\"lazy\" decoding=\"async\" width=\"1024\" height=\"655\" src=\"https:\/\/www.tourisme-volvestre.fr\/wp-content\/uploads\/2025\/06\/PXL_20250621_163857611.MP2_-1024x655.jpg\" alt=\"\" class=\"wp-image-6797\" style=\"aspect-ratio:1;object-fit:cover\" srcset=\"https:\/\/www.tourisme-volvestre.fr\/wp-content\/uploads\/2025\/06\/PXL_20250621_163857611.MP2_-1024x655.jpg 1024w, https:\/\/www.tourisme-volvestre.fr\/wp-content\/uploads\/2025\/06\/PXL_20250621_163857611.MP2_-300x192.jpg 300w, https:\/\/www.tourisme-volvestre.fr\/wp-content\/uploads\/2025\/06\/PXL_20250621_163857611.MP2_-768x491.jpg 768w, https:\/\/www.tourisme-volvestre.fr\/wp-content\/uploads\/2025\/06\/PXL_20250621_163857611.MP2_-1536x983.jpg 1536w, https:\/\/www.tourisme-volvestre.fr\/wp-content\/uploads\/2025\/06\/PXL_20250621_163857611.MP2_-2048x1310.jpg 2048w\" sizes=\"auto, (max-width: 1024px) 100vw, 1024px\" \/><\/figure>\n<\/div>\n<\/div>\n\n<div class=\"wp-block-columns is-layout-flex wp-container-core-columns-is-layout-28f84493 wp-block-columns-is-layout-flex\">\n<div class=\"wp-block-column is-layout-flow wp-block-column-is-layout-flow\">\n<figure class=\"wp-block-image size-large is-style-rounded is-style-rounded--5\"><img loading=\"lazy\" decoding=\"async\" width=\"1024\" height=\"576\" src=\"https:\/\/www.tourisme-volvestre.fr\/wp-content\/uploads\/2025\/06\/PXL_20250621_163754558.MP2_-1024x576.jpg\" alt=\"\" class=\"wp-image-6800\" style=\"aspect-ratio:1;object-fit:cover\" srcset=\"https:\/\/www.tourisme-volvestre.fr\/wp-content\/uploads\/2025\/06\/PXL_20250621_163754558.MP2_-1024x576.jpg 1024w, https:\/\/www.tourisme-volvestre.fr\/wp-content\/uploads\/2025\/06\/PXL_20250621_163754558.MP2_-300x169.jpg 300w, https:\/\/www.tourisme-volvestre.fr\/wp-content\/uploads\/2025\/06\/PXL_20250621_163754558.MP2_-768x432.jpg 768w, https:\/\/www.tourisme-volvestre.fr\/wp-content\/uploads\/2025\/06\/PXL_20250621_163754558.MP2_-1536x864.jpg 1536w, https:\/\/www.tourisme-volvestre.fr\/wp-content\/uploads\/2025\/06\/PXL_20250621_163754558.MP2_-2048x1152.jpg 2048w\" sizes=\"auto, (max-width: 1024px) 100vw, 1024px\" \/><\/figure>\n<\/div>\n\n\n\n<div class=\"wp-block-column is-layout-flow wp-block-column-is-layout-flow\">\n<figure class=\"wp-block-image size-large is-style-rounded is-style-rounded--6\"><img loading=\"lazy\" decoding=\"async\" width=\"1024\" height=\"630\" src=\"https:\/\/www.tourisme-volvestre.fr\/wp-content\/uploads\/2025\/06\/PXL_20250621_163249068.MP2_-1024x630.jpg\" alt=\"\" class=\"wp-image-6803\" style=\"aspect-ratio:1;object-fit:cover\" srcset=\"https:\/\/www.tourisme-volvestre.fr\/wp-content\/uploads\/2025\/06\/PXL_20250621_163249068.MP2_-1024x630.jpg 1024w, https:\/\/www.tourisme-volvestre.fr\/wp-content\/uploads\/2025\/06\/PXL_20250621_163249068.MP2_-300x185.jpg 300w, https:\/\/www.tourisme-volvestre.fr\/wp-content\/uploads\/2025\/06\/PXL_20250621_163249068.MP2_-768x473.jpg 768w, https:\/\/www.tourisme-volvestre.fr\/wp-content\/uploads\/2025\/06\/PXL_20250621_163249068.MP2_-1536x946.jpg 1536w, https:\/\/www.tourisme-volvestre.fr\/wp-content\/uploads\/2025\/06\/PXL_20250621_163249068.MP2_-2048x1261.jpg 2048w\" sizes=\"auto, (max-width: 1024px) 100vw, 1024px\" \/><\/figure>\n<\/div>\n\n\n\n<div class=\"wp-block-column is-layout-flow wp-block-column-is-layout-flow\">\n<figure class=\"wp-block-image size-large is-style-rounded is-style-rounded--7\"><img loading=\"lazy\" decoding=\"async\" width=\"1024\" height=\"682\" src=\"https:\/\/www.tourisme-volvestre.fr\/wp-content\/uploads\/2025\/06\/PXL_20250621_163322850.MP2_-1024x682.jpg\" alt=\"\" class=\"wp-image-6806\" style=\"aspect-ratio:1;object-fit:cover\" srcset=\"https:\/\/www.tourisme-volvestre.fr\/wp-content\/uploads\/2025\/06\/PXL_20250621_163322850.MP2_-1024x682.jpg 1024w, https:\/\/www.tourisme-volvestre.fr\/wp-content\/uploads\/2025\/06\/PXL_20250621_163322850.MP2_-300x200.jpg 300w, https:\/\/www.tourisme-volvestre.fr\/wp-content\/uploads\/2025\/06\/PXL_20250621_163322850.MP2_-768x512.jpg 768w, https:\/\/www.tourisme-volvestre.fr\/wp-content\/uploads\/2025\/06\/PXL_20250621_163322850.MP2_-1536x1023.jpg 1536w, https:\/\/www.tourisme-volvestre.fr\/wp-content\/uploads\/2025\/06\/PXL_20250621_163322850.MP2_-2048x1364.jpg 2048w\" sizes=\"auto, (max-width: 1024px) 100vw, 1024px\" \/><\/figure>\n<\/div>\n<\/div>\n\n<div class=\"wp-block-group alignfull has-accent-4-background-color has-background has-global-padding is-layout-constrained wp-container-core-group-is-layout-ed5e8923 wp-block-group-is-layout-constrained\" style=\"margin-top:var(--wp--preset--spacing--20);margin-bottom:0;padding-top:var(--wp--preset--spacing--20);padding-right:var(--wp--preset--spacing--20);padding-bottom:var(--wp--preset--spacing--20);padding-left:var(--wp--preset--spacing--20)\">\n<div class=\"wp-block-group has-global-padding is-layout-constrained wp-container-core-group-is-layout-c385debf wp-block-group-is-layout-constrained\" style=\"padding-top:var(--wp--preset--spacing--20);padding-right:var(--wp--preset--spacing--20);padding-bottom:var(--wp--preset--spacing--20);padding-left:var(--wp--preset--spacing--20)\">\n<h2 class=\"wp-block-heading has-text-align-center\">Te gustar\u00e1 <mark style=\"color:#1d1d1b\" class=\"has-inline-color\">tambi\u00e9n<\/mark>&#8230; <img loading=\"lazy\" decoding=\"async\" width=\"95\" height=\"81\" class=\"wp-image-586\" style=\"width: 95px\" src=\"https:\/\/www.tourisme-volvestre.fr\/wp-content\/uploads\/2025\/02\/Group-36.png\" alt=\"\" \/><\/h2>\n\n\n\n<div class=\"wp-block-group has-global-padding is-layout-constrained wp-container-core-group-is-layout-c385debf wp-block-group-is-layout-constrained\" style=\"padding-top:var(--wp--preset--spacing--20);padding-right:var(--wp--preset--spacing--20);padding-bottom:var(--wp--preset--spacing--20);padding-left:var(--wp--preset--spacing--20)\">\n<div class=\"wp-block-columns is-layout-flex wp-container-core-columns-is-layout-28f84493 wp-block-columns-is-layout-flex\">\n<div class=\"wp-block-column is-layout-flow wp-block-column-is-layout-flow\">\n<figure class=\"wp-block-image aligncenter size-full has-custom-border\"><a href=\"https:\/\/www.tourisme-volvestre.fr\/saint-sulpice-sur-leze\/?lang=es\"><img loading=\"lazy\" decoding=\"async\" width=\"2560\" height=\"1707\" src=\"https:\/\/www.tourisme-volvestre.fr\/wp-content\/uploads\/2025\/06\/saintsulpicesurleze_patrimoine_arcade@paulineplantrou.jpg\" alt=\"\" class=\"wp-image-6711\" style=\"border-radius:25px;aspect-ratio:1;object-fit:cover\" srcset=\"https:\/\/www.tourisme-volvestre.fr\/wp-content\/uploads\/2025\/06\/saintsulpicesurleze_patrimoine_arcade@paulineplantrou.jpg 2560w, https:\/\/www.tourisme-volvestre.fr\/wp-content\/uploads\/2025\/06\/saintsulpicesurleze_patrimoine_arcade@paulineplantrou-300x200.jpg 300w, https:\/\/www.tourisme-volvestre.fr\/wp-content\/uploads\/2025\/06\/saintsulpicesurleze_patrimoine_arcade@paulineplantrou-1024x683.jpg 1024w, https:\/\/www.tourisme-volvestre.fr\/wp-content\/uploads\/2025\/06\/saintsulpicesurleze_patrimoine_arcade@paulineplantrou-768x512.jpg 768w, https:\/\/www.tourisme-volvestre.fr\/wp-content\/uploads\/2025\/06\/saintsulpicesurleze_patrimoine_arcade@paulineplantrou-1536x1024.jpg 1536w, https:\/\/www.tourisme-volvestre.fr\/wp-content\/uploads\/2025\/06\/saintsulpicesurleze_patrimoine_arcade@paulineplantrou-2048x1366.jpg 2048w\" sizes=\"auto, (max-width: 2560px) 100vw, 2560px\" \/><\/a><figcaption class=\"wp-element-caption\">Saint-Sulpice-sur-L\u00e8ze @Paulineplantrou<\/figcaption><\/figure>\n\n\n\n<div class=\"wp-block-buttons is-content-justification-center is-layout-flex wp-container-core-buttons-is-layout-a89b3969 wp-block-buttons-is-layout-flex\">\n<div class=\"wp-block-button\"><a class=\"wp-block-button__link wp-element-button\" href=\"https:\/\/www.tourisme-volvestre.fr\/saint-sulpice-sur-leze\/?lang=es\">Descubre el pueblo<\/a><\/div>\n<\/div>\n<\/div>\n\n\n\n<div class=\"wp-block-column is-layout-flow wp-block-column-is-layout-flow\">\n<figure class=\"wp-block-image aligncenter size-full has-custom-border\"><a href=\"https:\/\/www.tourisme-volvestre.fr\/saint-sulpice-sur-leze\/?lang=es\"><img loading=\"lazy\" decoding=\"async\" width=\"2200\" height=\"1800\" src=\"https:\/\/www.tourisme-volvestre.fr\/wp-content\/uploads\/2025\/06\/saintsulpicesurleze_atelieryulturn_artisanat_bois_zoom@stephanelessieux-edited-e1749938164160.jpg\" alt=\"\" class=\"wp-image-5340\" style=\"border-radius:25px;aspect-ratio:1;object-fit:cover\" srcset=\"https:\/\/www.tourisme-volvestre.fr\/wp-content\/uploads\/2025\/06\/saintsulpicesurleze_atelieryulturn_artisanat_bois_zoom@stephanelessieux-edited-e1749938164160.jpg 2200w, https:\/\/www.tourisme-volvestre.fr\/wp-content\/uploads\/2025\/06\/saintsulpicesurleze_atelieryulturn_artisanat_bois_zoom@stephanelessieux-edited-e1749938164160-300x245.jpg 300w, https:\/\/www.tourisme-volvestre.fr\/wp-content\/uploads\/2025\/06\/saintsulpicesurleze_atelieryulturn_artisanat_bois_zoom@stephanelessieux-edited-e1749938164160-1024x838.jpg 1024w, https:\/\/www.tourisme-volvestre.fr\/wp-content\/uploads\/2025\/06\/saintsulpicesurleze_atelieryulturn_artisanat_bois_zoom@stephanelessieux-edited-e1749938164160-768x628.jpg 768w, https:\/\/www.tourisme-volvestre.fr\/wp-content\/uploads\/2025\/06\/saintsulpicesurleze_atelieryulturn_artisanat_bois_zoom@stephanelessieux-edited-e1749938164160-1536x1257.jpg 1536w, https:\/\/www.tourisme-volvestre.fr\/wp-content\/uploads\/2025\/06\/saintsulpicesurleze_atelieryulturn_artisanat_bois_zoom@stephanelessieux-edited-e1749938164160-2048x1676.jpg 2048w\" sizes=\"auto, (max-width: 2200px) 100vw, 2200px\" \/><\/a><figcaption class=\"wp-element-caption\">L&#8217;atelier Yulturn @Stephanelessieux<\/figcaption><\/figure>\n\n\n\n<div class=\"wp-block-buttons is-content-justification-center is-layout-flex wp-container-core-buttons-is-layout-a89b3969 wp-block-buttons-is-layout-flex\">\n<div class=\"wp-block-button\"><a class=\"wp-block-button__link wp-element-button\" href=\"https:\/\/www.tourisme-volvestre.fr\/cursos-de-artesania-y-arte\/?lang=es\">Los cursos y talleres<\/a><\/div>\n<\/div>\n<\/div>\n\n\n\n<div class=\"wp-block-column is-layout-flow wp-block-column-is-layout-flow\">\n<figure class=\"wp-block-image aligncenter size-full has-custom-border\"><a href=\"https:\/\/www.calameo.com\/read\/0071118533cad153e767b\"><img loading=\"lazy\" decoding=\"async\" width=\"639\" height=\"913\" src=\"https:\/\/www.tourisme-volvestre.fr\/wp-content\/uploads\/2025\/05\/couv-sssl.jpg\" alt=\"\" class=\"wp-image-2206\" style=\"border-radius:25px;aspect-ratio:1;object-fit:cover\" srcset=\"https:\/\/www.tourisme-volvestre.fr\/wp-content\/uploads\/2025\/05\/couv-sssl.jpg 639w, https:\/\/www.tourisme-volvestre.fr\/wp-content\/uploads\/2025\/05\/couv-sssl-210x300.jpg 210w\" sizes=\"auto, (max-width: 639px) 100vw, 639px\" \/><\/a><figcaption class=\"wp-element-caption\">Folleto de la ciudad <\/figcaption><\/figure>\n\n\n\n<div class=\"wp-block-buttons is-content-justification-center is-layout-flex wp-container-core-buttons-is-layout-a89b3969 wp-block-buttons-is-layout-flex\">\n<div class=\"wp-block-button\"><a class=\"wp-block-button__link wp-element-button\" href=\"https:\/\/www.calameo.com\/read\/0071118533cad153e767b\" target=\"_blank\" rel=\"noreferrer noopener\">Descargar el folleto<\/a><\/div>\n<\/div>\n<\/div>\n<\/div>\n<\/div>\n<\/div>\n<\/div>\n","protected":false},"excerpt":{"rendered":"<p>Del 21 de junio al 31 de agosto, d\u00e9jese seducir por el encanto de Saint-Sulpice-sur-L\u00e8ze, una magn\u00edfica ciudad medieval fortificada. Este verano, la ciudad acoge una excepcional exposici\u00f3n de artistas y artesanos en el magn\u00edfico entorno del H\u00f4tel de Boutaud, una antigua mansi\u00f3n privada con un car\u00e1cter singular. Abra las puertas de este lugar cargado [&hellip;]<\/p>\n","protected":false},"author":3,"featured_media":6802,"comment_status":"closed","ping_status":"closed","sticky":false,"template":"","format":"standard","meta":{"_acf_changed":false,"inline_featured_image":false,"footnotes":""},"categories":[64],"tags":[],"class_list":["post-8591","post","type-post","status-publish","format-standard","has-post-thumbnail","hentry","category-actividad"],"acf":[],"yoast_head":"<!-- This site is optimized with the Yoast SEO plugin v27.3 - https:\/\/yoast.com\/product\/yoast-seo-wordpress\/ -->\n<title>Exposici\u00f3n de arte en Saint-Sulpice-sur-L\u00e8ze - Volvestre Tourisme<\/title>\n<meta name=\"description\" content=\"Descubra la exposici\u00f3n de arte de verano en Saint-Sulpice-sur-L\u00e8ze, en el antiguo hotel de Boutaud. Entrada gratuita del 21 de junio al 31 de agosto de 2025.\" \/>\n<meta name=\"robots\" content=\"index, follow, max-snippet:-1, max-image-preview:large, max-video-preview:-1\" \/>\n<link rel=\"canonical\" href=\"https:\/\/www.tourisme-volvestre.fr\/es\/exposicion-de-arte-en-saint-sulpice-sur-leze\/\" \/>\n<meta property=\"og:locale\" content=\"es_ES\" \/>\n<meta property=\"og:type\" content=\"article\" \/>\n<meta property=\"og:title\" content=\"Exposici\u00f3n de arte en Saint-Sulpice-sur-L\u00e8ze - Volvestre Tourisme\" \/>\n<meta property=\"og:description\" content=\"Descubra la exposici\u00f3n de arte de verano en Saint-Sulpice-sur-L\u00e8ze, en el antiguo hotel de Boutaud. Entrada gratuita del 21 de junio al 31 de agosto de 2025.\" \/>\n<meta property=\"og:url\" content=\"https:\/\/www.tourisme-volvestre.fr\/es\/exposicion-de-arte-en-saint-sulpice-sur-leze\/\" \/>\n<meta property=\"og:site_name\" content=\"Volvestre Tourisme\" \/>\n<meta property=\"article:publisher\" content=\"https:\/\/www.facebook.com\/TourismeVolvestre\" \/>\n<meta property=\"article:published_time\" content=\"2025-06-30T13:25:29+00:00\" \/>\n<meta property=\"article:modified_time\" content=\"2025-08-21T14:42:15+00:00\" \/>\n<meta property=\"og:image\" content=\"https:\/\/www.tourisme-volvestre.fr\/wp-content\/uploads\/2025\/06\/PXL_20250621_163754558.MP2_.jpg\" \/>\n\t<meta property=\"og:image:width\" content=\"2560\" \/>\n\t<meta property=\"og:image:height\" content=\"1440\" \/>\n\t<meta property=\"og:image:type\" content=\"image\/jpeg\" \/>\n<meta name=\"author\" content=\"Marion Marquette\" \/>\n<meta name=\"twitter:card\" content=\"summary_large_image\" \/>\n<meta name=\"twitter:label1\" content=\"Escrito por\" \/>\n\t<meta name=\"twitter:data1\" content=\"Marion Marquette\" \/>\n\t<meta name=\"twitter:label2\" content=\"Tiempo de lectura\" \/>\n\t<meta name=\"twitter:data2\" content=\"2 minutos\" \/>\n<script type=\"application\/ld+json\" class=\"yoast-schema-graph\">{\"@context\":\"https:\\\/\\\/schema.org\",\"@graph\":[{\"@type\":\"Article\",\"@id\":\"https:\\\/\\\/www.tourisme-volvestre.fr\\\/es\\\/exposicion-de-arte-en-saint-sulpice-sur-leze\\\/#article\",\"isPartOf\":{\"@id\":\"https:\\\/\\\/www.tourisme-volvestre.fr\\\/es\\\/exposicion-de-arte-en-saint-sulpice-sur-leze\\\/\"},\"author\":{\"name\":\"Marion Marquette\",\"@id\":\"https:\\\/\\\/www.tourisme-volvestre.fr\\\/es\\\/#\\\/schema\\\/person\\\/4eff1d29b8ad80b0e00e7f033d2cd0b2\"},\"headline\":\"Exposici\u00f3n de arte en Saint-Sulpice-sur-L\u00e8ze\",\"datePublished\":\"2025-06-30T13:25:29+00:00\",\"dateModified\":\"2025-08-21T14:42:15+00:00\",\"mainEntityOfPage\":{\"@id\":\"https:\\\/\\\/www.tourisme-volvestre.fr\\\/es\\\/exposicion-de-arte-en-saint-sulpice-sur-leze\\\/\"},\"wordCount\":444,\"publisher\":{\"@id\":\"https:\\\/\\\/www.tourisme-volvestre.fr\\\/es\\\/#organization\"},\"image\":{\"@id\":\"https:\\\/\\\/www.tourisme-volvestre.fr\\\/es\\\/exposicion-de-arte-en-saint-sulpice-sur-leze\\\/#primaryimage\"},\"thumbnailUrl\":\"https:\\\/\\\/www.tourisme-volvestre.fr\\\/wp-content\\\/uploads\\\/2025\\\/06\\\/PXL_20250621_163754558.MP2_.jpg\",\"articleSection\":[\"Actividad\"],\"inLanguage\":\"es\"},{\"@type\":\"WebPage\",\"@id\":\"https:\\\/\\\/www.tourisme-volvestre.fr\\\/es\\\/exposicion-de-arte-en-saint-sulpice-sur-leze\\\/\",\"url\":\"https:\\\/\\\/www.tourisme-volvestre.fr\\\/es\\\/exposicion-de-arte-en-saint-sulpice-sur-leze\\\/\",\"name\":\"Exposici\u00f3n de arte en Saint-Sulpice-sur-L\u00e8ze - Volvestre Tourisme\",\"isPartOf\":{\"@id\":\"https:\\\/\\\/www.tourisme-volvestre.fr\\\/es\\\/#website\"},\"primaryImageOfPage\":{\"@id\":\"https:\\\/\\\/www.tourisme-volvestre.fr\\\/es\\\/exposicion-de-arte-en-saint-sulpice-sur-leze\\\/#primaryimage\"},\"image\":{\"@id\":\"https:\\\/\\\/www.tourisme-volvestre.fr\\\/es\\\/exposicion-de-arte-en-saint-sulpice-sur-leze\\\/#primaryimage\"},\"thumbnailUrl\":\"https:\\\/\\\/www.tourisme-volvestre.fr\\\/wp-content\\\/uploads\\\/2025\\\/06\\\/PXL_20250621_163754558.MP2_.jpg\",\"datePublished\":\"2025-06-30T13:25:29+00:00\",\"dateModified\":\"2025-08-21T14:42:15+00:00\",\"description\":\"Descubra la exposici\u00f3n de arte de verano en Saint-Sulpice-sur-L\u00e8ze, en el antiguo hotel de Boutaud. Entrada gratuita del 21 de junio al 31 de agosto de 2025.\",\"breadcrumb\":{\"@id\":\"https:\\\/\\\/www.tourisme-volvestre.fr\\\/es\\\/exposicion-de-arte-en-saint-sulpice-sur-leze\\\/#breadcrumb\"},\"inLanguage\":\"es\",\"potentialAction\":[{\"@type\":\"ReadAction\",\"target\":[\"https:\\\/\\\/www.tourisme-volvestre.fr\\\/es\\\/exposicion-de-arte-en-saint-sulpice-sur-leze\\\/\"]}]},{\"@type\":\"ImageObject\",\"inLanguage\":\"es\",\"@id\":\"https:\\\/\\\/www.tourisme-volvestre.fr\\\/es\\\/exposicion-de-arte-en-saint-sulpice-sur-leze\\\/#primaryimage\",\"url\":\"https:\\\/\\\/www.tourisme-volvestre.fr\\\/wp-content\\\/uploads\\\/2025\\\/06\\\/PXL_20250621_163754558.MP2_.jpg\",\"contentUrl\":\"https:\\\/\\\/www.tourisme-volvestre.fr\\\/wp-content\\\/uploads\\\/2025\\\/06\\\/PXL_20250621_163754558.MP2_.jpg\",\"width\":2560,\"height\":1440},{\"@type\":\"BreadcrumbList\",\"@id\":\"https:\\\/\\\/www.tourisme-volvestre.fr\\\/es\\\/exposicion-de-arte-en-saint-sulpice-sur-leze\\\/#breadcrumb\",\"itemListElement\":[{\"@type\":\"ListItem\",\"position\":1,\"name\":\"Accueil\",\"item\":\"https:\\\/\\\/www.tourisme-volvestre.fr\\\/es\\\/?lang=es\"},{\"@type\":\"ListItem\",\"position\":2,\"name\":\"Actividad\",\"item\":\"https:\\\/\\\/www.tourisme-volvestre.fr\\\/es\\\/category\\\/actividad\\\/\"},{\"@type\":\"ListItem\",\"position\":3,\"name\":\"Exposici\u00f3n de arte en Saint-Sulpice-sur-L\u00e8ze\"}]},{\"@type\":\"WebSite\",\"@id\":\"https:\\\/\\\/www.tourisme-volvestre.fr\\\/es\\\/#website\",\"url\":\"https:\\\/\\\/www.tourisme-volvestre.fr\\\/es\\\/\",\"name\":\"Volvestre Tourisme\",\"description\":\"\",\"publisher\":{\"@id\":\"https:\\\/\\\/www.tourisme-volvestre.fr\\\/es\\\/#organization\"},\"alternateName\":\"OT Volvestre\",\"potentialAction\":[{\"@type\":\"SearchAction\",\"target\":{\"@type\":\"EntryPoint\",\"urlTemplate\":\"https:\\\/\\\/www.tourisme-volvestre.fr\\\/es\\\/?s={search_term_string}\"},\"query-input\":{\"@type\":\"PropertyValueSpecification\",\"valueRequired\":true,\"valueName\":\"search_term_string\"}}],\"inLanguage\":\"es\"},{\"@type\":\"Organization\",\"@id\":\"https:\\\/\\\/www.tourisme-volvestre.fr\\\/es\\\/#organization\",\"name\":\"Volvestre Tourisme\",\"url\":\"https:\\\/\\\/www.tourisme-volvestre.fr\\\/es\\\/\",\"logo\":{\"@type\":\"ImageObject\",\"inLanguage\":\"es\",\"@id\":\"https:\\\/\\\/www.tourisme-volvestre.fr\\\/es\\\/#\\\/schema\\\/logo\\\/image\\\/\",\"url\":\"https:\\\/\\\/www.tourisme-volvestre.fr\\\/wp-content\\\/uploads\\\/2025\\\/02\\\/logo-site.png\",\"contentUrl\":\"https:\\\/\\\/www.tourisme-volvestre.fr\\\/wp-content\\\/uploads\\\/2025\\\/02\\\/logo-site.png\",\"width\":152,\"height\":152,\"caption\":\"Volvestre Tourisme\"},\"image\":{\"@id\":\"https:\\\/\\\/www.tourisme-volvestre.fr\\\/es\\\/#\\\/schema\\\/logo\\\/image\\\/\"},\"sameAs\":[\"https:\\\/\\\/www.facebook.com\\\/TourismeVolvestre\",\"https:\\\/\\\/www.instagram.com\\\/tourismevolvestre\"]},{\"@type\":\"Person\",\"@id\":\"https:\\\/\\\/www.tourisme-volvestre.fr\\\/es\\\/#\\\/schema\\\/person\\\/4eff1d29b8ad80b0e00e7f033d2cd0b2\",\"name\":\"Marion Marquette\",\"image\":{\"@type\":\"ImageObject\",\"inLanguage\":\"es\",\"@id\":\"https:\\\/\\\/secure.gravatar.com\\\/avatar\\\/5f8b3e08803fd3277ce85ea36a0b001153ee8fd79775c290f91b04f15c12e582?s=96&d=mm&r=g\",\"url\":\"https:\\\/\\\/secure.gravatar.com\\\/avatar\\\/5f8b3e08803fd3277ce85ea36a0b001153ee8fd79775c290f91b04f15c12e582?s=96&d=mm&r=g\",\"contentUrl\":\"https:\\\/\\\/secure.gravatar.com\\\/avatar\\\/5f8b3e08803fd3277ce85ea36a0b001153ee8fd79775c290f91b04f15c12e582?s=96&d=mm&r=g\",\"caption\":\"Marion Marquette\"}}]}<\/script>\n<!-- \/ Yoast SEO plugin. -->","yoast_head_json":{"title":"Exposici\u00f3n de arte en Saint-Sulpice-sur-L\u00e8ze - Volvestre Tourisme","description":"Descubra la exposici\u00f3n de arte de verano en Saint-Sulpice-sur-L\u00e8ze, en el antiguo hotel de Boutaud. Entrada gratuita del 21 de junio al 31 de agosto de 2025.","robots":{"index":"index","follow":"follow","max-snippet":"max-snippet:-1","max-image-preview":"max-image-preview:large","max-video-preview":"max-video-preview:-1"},"canonical":"https:\/\/www.tourisme-volvestre.fr\/es\/exposicion-de-arte-en-saint-sulpice-sur-leze\/","og_locale":"es_ES","og_type":"article","og_title":"Exposici\u00f3n de arte en Saint-Sulpice-sur-L\u00e8ze - Volvestre Tourisme","og_description":"Descubra la exposici\u00f3n de arte de verano en Saint-Sulpice-sur-L\u00e8ze, en el antiguo hotel de Boutaud. Entrada gratuita del 21 de junio al 31 de agosto de 2025.","og_url":"https:\/\/www.tourisme-volvestre.fr\/es\/exposicion-de-arte-en-saint-sulpice-sur-leze\/","og_site_name":"Volvestre Tourisme","article_publisher":"https:\/\/www.facebook.com\/TourismeVolvestre","article_published_time":"2025-06-30T13:25:29+00:00","article_modified_time":"2025-08-21T14:42:15+00:00","og_image":[{"width":2560,"height":1440,"url":"https:\/\/www.tourisme-volvestre.fr\/wp-content\/uploads\/2025\/06\/PXL_20250621_163754558.MP2_.jpg","type":"image\/jpeg"}],"author":"Marion Marquette","twitter_card":"summary_large_image","twitter_misc":{"Escrito por":"Marion Marquette","Tiempo de lectura":"2 minutos"},"schema":{"@context":"https:\/\/schema.org","@graph":[{"@type":"Article","@id":"https:\/\/www.tourisme-volvestre.fr\/es\/exposicion-de-arte-en-saint-sulpice-sur-leze\/#article","isPartOf":{"@id":"https:\/\/www.tourisme-volvestre.fr\/es\/exposicion-de-arte-en-saint-sulpice-sur-leze\/"},"author":{"name":"Marion Marquette","@id":"https:\/\/www.tourisme-volvestre.fr\/es\/#\/schema\/person\/4eff1d29b8ad80b0e00e7f033d2cd0b2"},"headline":"Exposici\u00f3n de arte en Saint-Sulpice-sur-L\u00e8ze","datePublished":"2025-06-30T13:25:29+00:00","dateModified":"2025-08-21T14:42:15+00:00","mainEntityOfPage":{"@id":"https:\/\/www.tourisme-volvestre.fr\/es\/exposicion-de-arte-en-saint-sulpice-sur-leze\/"},"wordCount":444,"publisher":{"@id":"https:\/\/www.tourisme-volvestre.fr\/es\/#organization"},"image":{"@id":"https:\/\/www.tourisme-volvestre.fr\/es\/exposicion-de-arte-en-saint-sulpice-sur-leze\/#primaryimage"},"thumbnailUrl":"https:\/\/www.tourisme-volvestre.fr\/wp-content\/uploads\/2025\/06\/PXL_20250621_163754558.MP2_.jpg","articleSection":["Actividad"],"inLanguage":"es"},{"@type":"WebPage","@id":"https:\/\/www.tourisme-volvestre.fr\/es\/exposicion-de-arte-en-saint-sulpice-sur-leze\/","url":"https:\/\/www.tourisme-volvestre.fr\/es\/exposicion-de-arte-en-saint-sulpice-sur-leze\/","name":"Exposici\u00f3n de arte en Saint-Sulpice-sur-L\u00e8ze - Volvestre Tourisme","isPartOf":{"@id":"https:\/\/www.tourisme-volvestre.fr\/es\/#website"},"primaryImageOfPage":{"@id":"https:\/\/www.tourisme-volvestre.fr\/es\/exposicion-de-arte-en-saint-sulpice-sur-leze\/#primaryimage"},"image":{"@id":"https:\/\/www.tourisme-volvestre.fr\/es\/exposicion-de-arte-en-saint-sulpice-sur-leze\/#primaryimage"},"thumbnailUrl":"https:\/\/www.tourisme-volvestre.fr\/wp-content\/uploads\/2025\/06\/PXL_20250621_163754558.MP2_.jpg","datePublished":"2025-06-30T13:25:29+00:00","dateModified":"2025-08-21T14:42:15+00:00","description":"Descubra la exposici\u00f3n de arte de verano en Saint-Sulpice-sur-L\u00e8ze, en el antiguo hotel de Boutaud. Entrada gratuita del 21 de junio al 31 de agosto de 2025.","breadcrumb":{"@id":"https:\/\/www.tourisme-volvestre.fr\/es\/exposicion-de-arte-en-saint-sulpice-sur-leze\/#breadcrumb"},"inLanguage":"es","potentialAction":[{"@type":"ReadAction","target":["https:\/\/www.tourisme-volvestre.fr\/es\/exposicion-de-arte-en-saint-sulpice-sur-leze\/"]}]},{"@type":"ImageObject","inLanguage":"es","@id":"https:\/\/www.tourisme-volvestre.fr\/es\/exposicion-de-arte-en-saint-sulpice-sur-leze\/#primaryimage","url":"https:\/\/www.tourisme-volvestre.fr\/wp-content\/uploads\/2025\/06\/PXL_20250621_163754558.MP2_.jpg","contentUrl":"https:\/\/www.tourisme-volvestre.fr\/wp-content\/uploads\/2025\/06\/PXL_20250621_163754558.MP2_.jpg","width":2560,"height":1440},{"@type":"BreadcrumbList","@id":"https:\/\/www.tourisme-volvestre.fr\/es\/exposicion-de-arte-en-saint-sulpice-sur-leze\/#breadcrumb","itemListElement":[{"@type":"ListItem","position":1,"name":"Accueil","item":"https:\/\/www.tourisme-volvestre.fr\/es\/?lang=es"},{"@type":"ListItem","position":2,"name":"Actividad","item":"https:\/\/www.tourisme-volvestre.fr\/es\/category\/actividad\/"},{"@type":"ListItem","position":3,"name":"Exposici\u00f3n de arte en Saint-Sulpice-sur-L\u00e8ze"}]},{"@type":"WebSite","@id":"https:\/\/www.tourisme-volvestre.fr\/es\/#website","url":"https:\/\/www.tourisme-volvestre.fr\/es\/","name":"Volvestre Tourisme","description":"","publisher":{"@id":"https:\/\/www.tourisme-volvestre.fr\/es\/#organization"},"alternateName":"OT Volvestre","potentialAction":[{"@type":"SearchAction","target":{"@type":"EntryPoint","urlTemplate":"https:\/\/www.tourisme-volvestre.fr\/es\/?s={search_term_string}"},"query-input":{"@type":"PropertyValueSpecification","valueRequired":true,"valueName":"search_term_string"}}],"inLanguage":"es"},{"@type":"Organization","@id":"https:\/\/www.tourisme-volvestre.fr\/es\/#organization","name":"Volvestre Tourisme","url":"https:\/\/www.tourisme-volvestre.fr\/es\/","logo":{"@type":"ImageObject","inLanguage":"es","@id":"https:\/\/www.tourisme-volvestre.fr\/es\/#\/schema\/logo\/image\/","url":"https:\/\/www.tourisme-volvestre.fr\/wp-content\/uploads\/2025\/02\/logo-site.png","contentUrl":"https:\/\/www.tourisme-volvestre.fr\/wp-content\/uploads\/2025\/02\/logo-site.png","width":152,"height":152,"caption":"Volvestre Tourisme"},"image":{"@id":"https:\/\/www.tourisme-volvestre.fr\/es\/#\/schema\/logo\/image\/"},"sameAs":["https:\/\/www.facebook.com\/TourismeVolvestre","https:\/\/www.instagram.com\/tourismevolvestre"]},{"@type":"Person","@id":"https:\/\/www.tourisme-volvestre.fr\/es\/#\/schema\/person\/4eff1d29b8ad80b0e00e7f033d2cd0b2","name":"Marion Marquette","image":{"@type":"ImageObject","inLanguage":"es","@id":"https:\/\/secure.gravatar.com\/avatar\/5f8b3e08803fd3277ce85ea36a0b001153ee8fd79775c290f91b04f15c12e582?s=96&d=mm&r=g","url":"https:\/\/secure.gravatar.com\/avatar\/5f8b3e08803fd3277ce85ea36a0b001153ee8fd79775c290f91b04f15c12e582?s=96&d=mm&r=g","contentUrl":"https:\/\/secure.gravatar.com\/avatar\/5f8b3e08803fd3277ce85ea36a0b001153ee8fd79775c290f91b04f15c12e582?s=96&d=mm&r=g","caption":"Marion Marquette"}}]}},"_links":{"self":[{"href":"https:\/\/www.tourisme-volvestre.fr\/es\/wp-json\/wp\/v2\/posts\/8591","targetHints":{"allow":["GET"]}}],"collection":[{"href":"https:\/\/www.tourisme-volvestre.fr\/es\/wp-json\/wp\/v2\/posts"}],"about":[{"href":"https:\/\/www.tourisme-volvestre.fr\/es\/wp-json\/wp\/v2\/types\/post"}],"author":[{"embeddable":true,"href":"https:\/\/www.tourisme-volvestre.fr\/es\/wp-json\/wp\/v2\/users\/3"}],"replies":[{"embeddable":true,"href":"https:\/\/www.tourisme-volvestre.fr\/es\/wp-json\/wp\/v2\/comments?post=8591"}],"version-history":[{"count":3,"href":"https:\/\/www.tourisme-volvestre.fr\/es\/wp-json\/wp\/v2\/posts\/8591\/revisions"}],"predecessor-version":[{"id":9804,"href":"https:\/\/www.tourisme-volvestre.fr\/es\/wp-json\/wp\/v2\/posts\/8591\/revisions\/9804"}],"wp:featuredmedia":[{"embeddable":true,"href":"https:\/\/www.tourisme-volvestre.fr\/es\/wp-json\/wp\/v2\/media\/6802"}],"wp:attachment":[{"href":"https:\/\/www.tourisme-volvestre.fr\/es\/wp-json\/wp\/v2\/media?parent=8591"}],"wp:term":[{"taxonomy":"category","embeddable":true,"href":"https:\/\/www.tourisme-volvestre.fr\/es\/wp-json\/wp\/v2\/categories?post=8591"},{"taxonomy":"post_tag","embeddable":true,"href":"https:\/\/www.tourisme-volvestre.fr\/es\/wp-json\/wp\/v2\/tags?post=8591"}],"curies":[{"name":"wp","href":"https:\/\/api.w.org\/{rel}","templated":true}]}}