{"id":8597,"date":"2025-05-14T14:42:39","date_gmt":"2025-05-14T12:42:39","guid":{"rendered":"https:\/\/www.tourisme-volvestre.fr\/visitas-nocturnas-del-volvestre\/"},"modified":"2025-08-21T15:37:38","modified_gmt":"2025-08-21T13:37:38","slug":"visitas-nocturnas-del-volvestre","status":"publish","type":"post","link":"https:\/\/www.tourisme-volvestre.fr\/es\/visitas-nocturnas-del-volvestre\/","title":{"rendered":"Visitas nocturnas del Volvestre"},"content":{"rendered":"\n<p>\u00bfY si descubrieras el Volvestre\u2026 en la noche? <\/p>\n\n<p>Todos los martes por la noche, de julio a agosto, disfruta de nuestras visitas nocturnas. Una forma \u00fanica y acogedora de explorar los pueblos del Volvestre en un ambiente singular, con historias y an\u00e9cdotas hist\u00f3ricas. <\/p>\n\n<h2 class=\"wp-block-heading\" style=\"font-size:clamp(18.959px, 1.185rem + ((1vw - 3.2px) * 1.15), 30px);\"><strong>Nuestras visitas nocturnas <\/strong><\/h2>\n\n<div class=\"wp-block-columns is-layout-flex wp-container-core-columns-is-layout-28f84493 wp-block-columns-is-layout-flex\">\n<div class=\"wp-block-column is-layout-flow wp-block-column-is-layout-flow\">\n<div class=\"wp-block-columns is-layout-flex wp-container-core-columns-is-layout-28f84493 wp-block-columns-is-layout-flex\">\n<div class=\"wp-block-column is-layout-flow wp-block-column-is-layout-flow\">\n<figure class=\"wp-block-image aligncenter size-large is-style-rounded is-style-rounded--1\"><img loading=\"lazy\" decoding=\"async\" width=\"683\" height=\"1024\" src=\"https:\/\/www.tourisme-volvestre.fr\/wp-content\/uploads\/2025\/06\/Astro_Volvestre_1-683x1024.jpg\" alt=\"\" class=\"wp-image-3786\" style=\"aspect-ratio:3\/4;object-fit:cover\" srcset=\"https:\/\/www.tourisme-volvestre.fr\/wp-content\/uploads\/2025\/06\/Astro_Volvestre_1-683x1024.jpg 683w, https:\/\/www.tourisme-volvestre.fr\/wp-content\/uploads\/2025\/06\/Astro_Volvestre_1-200x300.jpg 200w, https:\/\/www.tourisme-volvestre.fr\/wp-content\/uploads\/2025\/06\/Astro_Volvestre_1-768x1152.jpg 768w, https:\/\/www.tourisme-volvestre.fr\/wp-content\/uploads\/2025\/06\/Astro_Volvestre_1-1024x1536.jpg 1024w, https:\/\/www.tourisme-volvestre.fr\/wp-content\/uploads\/2025\/06\/Astro_Volvestre_1-1366x2048.jpg 1366w, https:\/\/www.tourisme-volvestre.fr\/wp-content\/uploads\/2025\/06\/Astro_Volvestre_1.jpg 1707w\" sizes=\"auto, (max-width: 683px) 100vw, 683px\" \/><figcaption class=\"wp-element-caption\">Montbrun-Bocage @MaximeSacr\u00e9<\/figcaption><\/figure>\n<\/div>\n\n\n\n<div class=\"wp-block-column is-layout-flow wp-block-column-is-layout-flow\">\n<h3 class=\"wp-block-heading\">Montbrun-Bocage<\/h3>\n\n\n\n<p><strong>8 de julio de 2025<\/strong><\/p>\n\n\n\n<p>Venga escuchar la visita nocturna narrada con Gabriel Tamalet, narrador, actor y m\u00fasico.<\/p>\n<\/div>\n<\/div>\n<\/div>\n\n\n\n<div class=\"wp-block-column is-layout-flow wp-block-column-is-layout-flow\">\n<div class=\"wp-block-columns is-layout-flex wp-container-core-columns-is-layout-28f84493 wp-block-columns-is-layout-flex\">\n<div class=\"wp-block-column is-layout-flow wp-block-column-is-layout-flow\">\n<figure class=\"wp-block-image aligncenter size-full is-style-rounded is-style-rounded--2\"><img loading=\"lazy\" decoding=\"async\" width=\"1707\" height=\"2560\" src=\"https:\/\/www.tourisme-volvestre.fr\/wp-content\/uploads\/2025\/05\/Astro_Volvestre_7.jpg\" alt=\"\" class=\"wp-image-4147\" style=\"aspect-ratio:3\/4;object-fit:cover\" srcset=\"https:\/\/www.tourisme-volvestre.fr\/wp-content\/uploads\/2025\/05\/Astro_Volvestre_7.jpg 1707w, https:\/\/www.tourisme-volvestre.fr\/wp-content\/uploads\/2025\/05\/Astro_Volvestre_7-200x300.jpg 200w, https:\/\/www.tourisme-volvestre.fr\/wp-content\/uploads\/2025\/05\/Astro_Volvestre_7-683x1024.jpg 683w, https:\/\/www.tourisme-volvestre.fr\/wp-content\/uploads\/2025\/05\/Astro_Volvestre_7-768x1152.jpg 768w, https:\/\/www.tourisme-volvestre.fr\/wp-content\/uploads\/2025\/05\/Astro_Volvestre_7-1024x1536.jpg 1024w, https:\/\/www.tourisme-volvestre.fr\/wp-content\/uploads\/2025\/05\/Astro_Volvestre_7-1366x2048.jpg 1366w\" sizes=\"auto, (max-width: 1707px) 100vw, 1707px\" \/><figcaption class=\"wp-element-caption\">Rieux-Volvestre @MaximeSacr\u00e9<\/figcaption><\/figure>\n<\/div>\n\n\n\n<div class=\"wp-block-column is-layout-flow wp-block-column-is-layout-flow\">\n<h3 class=\"wp-block-heading\" style=\"padding-top:0;padding-right:0;padding-bottom:0;padding-left:0\">Rieux-Volvestre<\/h3>\n\n\n\n<p><strong>15 de julio de 2025<\/strong><\/p>\n\n\n\n<p>Descubra la ciudad, su tesoro episcopal y la Tourasse en compa\u00f1\u00eda de Thomas Charles.<\/p>\n<\/div>\n<\/div>\n<\/div>\n<\/div>\n\n<div class=\"wp-block-columns is-layout-flex wp-container-core-columns-is-layout-28f84493 wp-block-columns-is-layout-flex\">\n<div class=\"wp-block-column is-layout-flow wp-block-column-is-layout-flow\">\n<div class=\"wp-block-columns is-layout-flex wp-container-core-columns-is-layout-28f84493 wp-block-columns-is-layout-flex\">\n<div class=\"wp-block-column is-layout-flow wp-block-column-is-layout-flow\">\n<h3 class=\"wp-block-heading\">Carbonne<\/h3>\n\n\n\n<p><strong>22 de juilo de 2025<\/strong><\/p>\n\n\n\n<p>Siga a Thomas Charles en un recorrido hist\u00f3rico siguiendo los pasos del arte de Carbonne.<\/p>\n<\/div>\n\n\n\n<div class=\"wp-block-column is-layout-flow wp-block-column-is-layout-flow\">\n<figure class=\"wp-block-image aligncenter size-large is-style-rounded is-style-rounded--3\"><img loading=\"lazy\" decoding=\"async\" width=\"768\" height=\"1024\" src=\"https:\/\/www.tourisme-volvestre.fr\/wp-content\/uploads\/2025\/05\/carbonne_eglisesaintlaurent_interieur_visiteguidee_groupe_fig@lisaoti-768x1024.jpg\" alt=\"\" class=\"wp-image-2161\" srcset=\"https:\/\/www.tourisme-volvestre.fr\/wp-content\/uploads\/2025\/05\/carbonne_eglisesaintlaurent_interieur_visiteguidee_groupe_fig@lisaoti-768x1024.jpg 768w, https:\/\/www.tourisme-volvestre.fr\/wp-content\/uploads\/2025\/05\/carbonne_eglisesaintlaurent_interieur_visiteguidee_groupe_fig@lisaoti-225x300.jpg 225w, https:\/\/www.tourisme-volvestre.fr\/wp-content\/uploads\/2025\/05\/carbonne_eglisesaintlaurent_interieur_visiteguidee_groupe_fig@lisaoti-1152x1536.jpg 1152w, https:\/\/www.tourisme-volvestre.fr\/wp-content\/uploads\/2025\/05\/carbonne_eglisesaintlaurent_interieur_visiteguidee_groupe_fig@lisaoti.jpg 1536w\" sizes=\"auto, (max-width: 768px) 100vw, 768px\" \/><figcaption class=\"wp-element-caption\">Carbonne @OTIduVolvestre<\/figcaption><\/figure>\n<\/div>\n<\/div>\n<\/div>\n\n\n\n<div class=\"wp-block-column is-layout-flow wp-block-column-is-layout-flow\">\n<div class=\"wp-block-columns is-layout-flex wp-container-core-columns-is-layout-28f84493 wp-block-columns-is-layout-flex\">\n<div class=\"wp-block-column is-layout-flow wp-block-column-is-layout-flow\">\n<h3 class=\"wp-block-heading\" style=\"padding-top:0;padding-right:0;padding-bottom:0;padding-left:0\">Longages<\/h3>\n\n\n\n<p class=\"has-contrast-color has-text-color has-link-color wp-elements-0d330484aa23a50bb0d060dcbe0192c2\"><strong>29 de julio de 2025<\/strong><\/p>\n\n\n\n<p>Descubra el patrimonio secreto de Longages con la asociaci\u00f3n Les Amis de Longages \u2013 Sauvegarde du patrimoine.<\/p>\n<\/div>\n\n\n\n<div class=\"wp-block-column is-layout-flow wp-block-column-is-layout-flow\">\n<figure class=\"wp-block-image aligncenter size-large is-style-rounded is-style-rounded--4\"><img loading=\"lazy\" decoding=\"async\" width=\"734\" height=\"1024\" src=\"https:\/\/www.tourisme-volvestre.fr\/wp-content\/uploads\/2025\/05\/longages_visiteguidee_nocturne_animation_portailchateau_groupe_fig_ete@lisaoti-734x1024.jpg\" alt=\"\" class=\"wp-image-2158\" srcset=\"https:\/\/www.tourisme-volvestre.fr\/wp-content\/uploads\/2025\/05\/longages_visiteguidee_nocturne_animation_portailchateau_groupe_fig_ete@lisaoti-734x1024.jpg 734w, https:\/\/www.tourisme-volvestre.fr\/wp-content\/uploads\/2025\/05\/longages_visiteguidee_nocturne_animation_portailchateau_groupe_fig_ete@lisaoti-215x300.jpg 215w, https:\/\/www.tourisme-volvestre.fr\/wp-content\/uploads\/2025\/05\/longages_visiteguidee_nocturne_animation_portailchateau_groupe_fig_ete@lisaoti-768x1071.jpg 768w, https:\/\/www.tourisme-volvestre.fr\/wp-content\/uploads\/2025\/05\/longages_visiteguidee_nocturne_animation_portailchateau_groupe_fig_ete@lisaoti.jpg 963w\" sizes=\"auto, (max-width: 734px) 100vw, 734px\" \/><figcaption class=\"wp-element-caption\">Longages @OTIduVolvestre<\/figcaption><\/figure>\n<\/div>\n<\/div>\n<\/div>\n<\/div>\n\n<div class=\"wp-block-columns is-layout-flex wp-container-core-columns-is-layout-28f84493 wp-block-columns-is-layout-flex\">\n<div class=\"wp-block-column is-layout-flow wp-block-column-is-layout-flow\">\n<div class=\"wp-block-columns is-layout-flex wp-container-core-columns-is-layout-28f84493 wp-block-columns-is-layout-flex\">\n<div class=\"wp-block-column is-layout-flow wp-block-column-is-layout-flow\">\n<figure class=\"wp-block-image aligncenter size-full is-style-rounded is-style-rounded--5\"><img loading=\"lazy\" decoding=\"async\" width=\"1707\" height=\"2560\" src=\"https:\/\/www.tourisme-volvestre.fr\/wp-content\/uploads\/2025\/05\/Astro_Volvestre_7.jpg\" alt=\"\" class=\"wp-image-4147\" style=\"aspect-ratio:3\/4;object-fit:cover\" srcset=\"https:\/\/www.tourisme-volvestre.fr\/wp-content\/uploads\/2025\/05\/Astro_Volvestre_7.jpg 1707w, https:\/\/www.tourisme-volvestre.fr\/wp-content\/uploads\/2025\/05\/Astro_Volvestre_7-200x300.jpg 200w, https:\/\/www.tourisme-volvestre.fr\/wp-content\/uploads\/2025\/05\/Astro_Volvestre_7-683x1024.jpg 683w, https:\/\/www.tourisme-volvestre.fr\/wp-content\/uploads\/2025\/05\/Astro_Volvestre_7-768x1152.jpg 768w, https:\/\/www.tourisme-volvestre.fr\/wp-content\/uploads\/2025\/05\/Astro_Volvestre_7-1024x1536.jpg 1024w, https:\/\/www.tourisme-volvestre.fr\/wp-content\/uploads\/2025\/05\/Astro_Volvestre_7-1366x2048.jpg 1366w\" sizes=\"auto, (max-width: 1707px) 100vw, 1707px\" \/><figcaption class=\"wp-element-caption\">Rieux-Volvestre @MaximeSacr\u00e9<\/figcaption><\/figure>\n<\/div>\n\n\n\n<div class=\"wp-block-column is-layout-flow wp-block-column-is-layout-flow\">\n<h3 class=\"wp-block-heading\">Rieux-Volvestre<\/h3>\n\n\n\n<p><strong>5 de agosto de 2025<\/strong><\/p>\n\n\n\n<p>Descubra la ciudad, su tesoro episcopal y la Tourasse en compa\u00f1\u00eda de Thomas Charles.<\/p>\n<\/div>\n<\/div>\n<\/div>\n\n\n\n<div class=\"wp-block-column is-layout-flow wp-block-column-is-layout-flow\">\n<div class=\"wp-block-columns is-layout-flex wp-container-core-columns-is-layout-28f84493 wp-block-columns-is-layout-flex\">\n<div class=\"wp-block-column is-layout-flow wp-block-column-is-layout-flow\">\n<figure class=\"wp-block-image aligncenter size-large is-style-rounded is-style-rounded--6\"><img loading=\"lazy\" decoding=\"async\" width=\"771\" height=\"1024\" src=\"https:\/\/www.tourisme-volvestre.fr\/wp-content\/uploads\/2025\/05\/montesquieuvolvestre_animation_visiteguidee_nocturne_patrimoine_groupe_fig@lisaoti-1-771x1024.jpg\" alt=\"\" class=\"wp-image-2023\" srcset=\"https:\/\/www.tourisme-volvestre.fr\/wp-content\/uploads\/2025\/05\/montesquieuvolvestre_animation_visiteguidee_nocturne_patrimoine_groupe_fig@lisaoti-1-771x1024.jpg 771w, https:\/\/www.tourisme-volvestre.fr\/wp-content\/uploads\/2025\/05\/montesquieuvolvestre_animation_visiteguidee_nocturne_patrimoine_groupe_fig@lisaoti-1-226x300.jpg 226w, https:\/\/www.tourisme-volvestre.fr\/wp-content\/uploads\/2025\/05\/montesquieuvolvestre_animation_visiteguidee_nocturne_patrimoine_groupe_fig@lisaoti-1-768x1020.jpg 768w, https:\/\/www.tourisme-volvestre.fr\/wp-content\/uploads\/2025\/05\/montesquieuvolvestre_animation_visiteguidee_nocturne_patrimoine_groupe_fig@lisaoti-1-1157x1536.jpg 1157w, https:\/\/www.tourisme-volvestre.fr\/wp-content\/uploads\/2025\/05\/montesquieuvolvestre_animation_visiteguidee_nocturne_patrimoine_groupe_fig@lisaoti-1-1542x2048.jpg 1542w, https:\/\/www.tourisme-volvestre.fr\/wp-content\/uploads\/2025\/05\/montesquieuvolvestre_animation_visiteguidee_nocturne_patrimoine_groupe_fig@lisaoti-1-scaled.jpg 1928w\" sizes=\"auto, (max-width: 771px) 100vw, 771px\" \/><figcaption class=\"wp-element-caption\">Montesquieu-Volvestre @OTIduVolvestre<\/figcaption><\/figure>\n<\/div>\n\n\n\n<div class=\"wp-block-column is-layout-flow wp-block-column-is-layout-flow\">\n<h3 class=\"wp-block-heading\" style=\"padding-top:0;padding-right:0;padding-bottom:0;padding-left:0\">Montesquieu-Volvestre<\/h3>\n\n\n\n<p><strong>12 de agosto de 2025<\/strong><\/p>\n\n\n\n<p>Descubra la bastida y sus monumentos emblem\u00e1ticos con S\u00e9bastien Riff.<\/p>\n<\/div>\n<\/div>\n<\/div>\n<\/div>\n\n<div class=\"wp-block-columns is-layout-flex wp-container-core-columns-is-layout-28f84493 wp-block-columns-is-layout-flex\">\n<div class=\"wp-block-column is-layout-flow wp-block-column-is-layout-flow\">\n<div class=\"wp-block-columns is-layout-flex wp-container-core-columns-is-layout-28f84493 wp-block-columns-is-layout-flex\">\n<div class=\"wp-block-column is-layout-flow wp-block-column-is-layout-flow\">\n<h3 class=\"wp-block-heading\">Saint-Sulpice-sur-L\u00e8ze<\/h3>\n\n\n\n<p><strong>19 de agosto de 2025<\/strong><\/p>\n\n\n\n<p>Descubra los secretos de Saint-Sulpice-sur-L\u00e8ze con S\u00e9bastien Riff.<\/p>\n<\/div>\n\n\n\n<div class=\"wp-block-column is-layout-flow wp-block-column-is-layout-flow\">\n<figure class=\"wp-block-image aligncenter size-full is-style-rounded is-style-rounded--7\"><img loading=\"lazy\" decoding=\"async\" width=\"1204\" height=\"1600\" src=\"https:\/\/www.tourisme-volvestre.fr\/wp-content\/uploads\/2025\/05\/saintsulpicesurleze_animation_patrimoine_visiteguidee_groupe_nocturne_eglise_lumiere_fig@lisaoti-1.jpeg\" alt=\"\" class=\"wp-image-2026\" srcset=\"https:\/\/www.tourisme-volvestre.fr\/wp-content\/uploads\/2025\/05\/saintsulpicesurleze_animation_patrimoine_visiteguidee_groupe_nocturne_eglise_lumiere_fig@lisaoti-1.jpeg 1204w, https:\/\/www.tourisme-volvestre.fr\/wp-content\/uploads\/2025\/05\/saintsulpicesurleze_animation_patrimoine_visiteguidee_groupe_nocturne_eglise_lumiere_fig@lisaoti-1-226x300.jpeg 226w, https:\/\/www.tourisme-volvestre.fr\/wp-content\/uploads\/2025\/05\/saintsulpicesurleze_animation_patrimoine_visiteguidee_groupe_nocturne_eglise_lumiere_fig@lisaoti-1-771x1024.jpeg 771w, https:\/\/www.tourisme-volvestre.fr\/wp-content\/uploads\/2025\/05\/saintsulpicesurleze_animation_patrimoine_visiteguidee_groupe_nocturne_eglise_lumiere_fig@lisaoti-1-768x1021.jpeg 768w, https:\/\/www.tourisme-volvestre.fr\/wp-content\/uploads\/2025\/05\/saintsulpicesurleze_animation_patrimoine_visiteguidee_groupe_nocturne_eglise_lumiere_fig@lisaoti-1-1156x1536.jpeg 1156w\" sizes=\"auto, (max-width: 1204px) 100vw, 1204px\" \/><figcaption class=\"wp-element-caption\">Saint-Sulpice-sur-L\u00e8ze @OTIduVolvestre<\/figcaption><\/figure>\n<\/div>\n<\/div>\n<\/div>\n\n\n\n<div class=\"wp-block-column is-layout-flow wp-block-column-is-layout-flow\">\n<div class=\"wp-block-columns is-layout-flex wp-container-core-columns-is-layout-28f84493 wp-block-columns-is-layout-flex\">\n<div class=\"wp-block-column is-layout-flow wp-block-column-is-layout-flow\">\n<h3 class=\"wp-block-heading\" style=\"padding-top:0;padding-right:0;padding-bottom:0;padding-left:0\">No\u00e9<\/h3>\n\n\n\n<p><strong>26 de agosto de 2025<\/strong><\/p>\n\n\n\n<p>Escucha las historias de Fr\u00e9d\u00e9ric Sem, narrador del Volvestre, y descubre los secretos de No\u00e9.<\/p>\n<\/div>\n\n\n\n<div class=\"wp-block-column is-layout-flow wp-block-column-is-layout-flow\">\n<figure class=\"wp-block-image aligncenter size-large is-style-rounded is-style-rounded--8\"><img loading=\"lazy\" decoding=\"async\" width=\"768\" height=\"1024\" src=\"https:\/\/www.tourisme-volvestre.fr\/wp-content\/uploads\/2025\/05\/noe_animation_visitenocturne_memorial_fig@lisaoti-768x1024.jpg\" alt=\"\" class=\"wp-image-2008\" srcset=\"https:\/\/www.tourisme-volvestre.fr\/wp-content\/uploads\/2025\/05\/noe_animation_visitenocturne_memorial_fig@lisaoti-768x1024.jpg 768w, https:\/\/www.tourisme-volvestre.fr\/wp-content\/uploads\/2025\/05\/noe_animation_visitenocturne_memorial_fig@lisaoti-225x300.jpg 225w, https:\/\/www.tourisme-volvestre.fr\/wp-content\/uploads\/2025\/05\/noe_animation_visitenocturne_memorial_fig@lisaoti-1152x1536.jpg 1152w, https:\/\/www.tourisme-volvestre.fr\/wp-content\/uploads\/2025\/05\/noe_animation_visitenocturne_memorial_fig@lisaoti.jpg 1536w\" sizes=\"auto, (max-width: 768px) 100vw, 768px\" \/><figcaption class=\"wp-element-caption\">No\u00e9 @OTIduVolvestre<\/figcaption><\/figure>\n<\/div>\n<\/div>\n<\/div>\n<\/div>\n\n<div class=\"wp-block-group has-contrast-2-background-color has-background has-global-padding is-layout-constrained wp-container-core-group-is-layout-80fb368b wp-block-group-is-layout-constrained\" style=\"border-radius:15px;padding-top:var(--wp--preset--spacing--30);padding-right:var(--wp--preset--spacing--30);padding-bottom:var(--wp--preset--spacing--30);padding-left:var(--wp--preset--spacing--30);background-image:url(&apos;https:\/\/www.volvestre.fr\/wp-content\/uploads\/2024\/09\/Vectorpour-fond-bleu.png&apos;);background-position:100% 0%;background-repeat:no-repeat;background-size:150px;\">\n<h2 class=\"wp-block-heading has-base-2-color has-text-color has-link-color wp-elements-a7ee8fe466d0b73899e21c5c1f2700fc\">Informaci\u00f3n pr\u00e1ctica<\/h2>\n\n\n\n<p class=\"has-base-2-color has-text-color has-link-color wp-elements-a288599a1fed7e78101390ba1487b123\" style=\"font-size:clamp(14px, 0.875rem + ((1vw - 3.2px) * 0.625), 20px);\"><strong>Visitas nocturnas para todos<\/strong><\/p>\n\n\n\n<p class=\"has-base-2-color has-text-color has-link-color wp-elements-42bb1ae32ebef260f03a4592cab5ac48\">Del 8 de julio al 26 de agosto, la Oficina de turismo del Volvestre propone visitas nocturnas a partir de las 20:30.<br \/>Precio: 5 \u20ac por adulto y gratuito para ni\u00f1os menores de 12 a\u00f1os.<br \/>Duraci\u00f3n de la visita: de 1 a 1,5 horas. <\/p>\n\n\n\n<p class=\"has-base-2-color has-text-color has-link-color wp-elements-3bbd1dc3ba0d51fbaa02dafa586fdbc9\" style=\"font-size:clamp(14px, 0.875rem + ((1vw - 3.2px) * 0.625), 20px);\"><strong>Para reservar, cont\u00e1ctenos<\/strong><\/p>\n\n\n\n<p class=\"has-base-2-color has-text-color has-link-color wp-elements-ccd90e87664e365924d91a397a603899\">Por tel\u00e9fono : 05 61 87 63 33<br \/>Por correo electr\u00f3nico : officetourisme@cc-volvestre.fr <br \/>En la Oficina de turismo : <a href=\"https:\/\/www.google.com\/maps\/place\/\/data=!4m2!3m1!1s0x12a92cb07dbac09d:0x9e6c1e60c00968aa?sa=X&amp;ved=1t:8290&amp;ictx=111\">9 Rue de l&#8217;\u00c9v\u00each\u00e9, 31310 Rieux-Volvestre<\/a><\/p>\n\n\n\n<ul class=\"wp-block-social-links is-layout-flex wp-block-social-links-is-layout-flex\"><li class=\"wp-social-link wp-social-link-facebook  wp-block-social-link\"><a href=\"https:\/\/www.facebook.com\/TourismeVolvestre\/?locale=fr_FR\" class=\"wp-block-social-link-anchor\"><svg width=\"24\" height=\"24\" viewBox=\"0 0 24 24\" version=\"1.1\" xmlns=\"http:\/\/www.w3.org\/2000\/svg\" aria-hidden=\"true\" focusable=\"false\"><path d=\"M12 2C6.5 2 2 6.5 2 12c0 5 3.7 9.1 8.4 9.9v-7H7.9V12h2.5V9.8c0-2.5 1.5-3.9 3.8-3.9 1.1 0 2.2.2 2.2.2v2.5h-1.3c-1.2 0-1.6.8-1.6 1.6V12h2.8l-.4 2.9h-2.3v7C18.3 21.1 22 17 22 12c0-5.5-4.5-10-10-10z\"><\/path><\/svg><span class=\"wp-block-social-link-label screen-reader-text\">Facebook<\/span><\/a><\/li>\n\n<li class=\"wp-social-link wp-social-link-instagram  wp-block-social-link\"><a href=\"https:\/\/www.instagram.com\/tourismevolvestre\/\" class=\"wp-block-social-link-anchor\"><svg width=\"24\" height=\"24\" viewBox=\"0 0 24 24\" version=\"1.1\" xmlns=\"http:\/\/www.w3.org\/2000\/svg\" aria-hidden=\"true\" focusable=\"false\"><path d=\"M12,4.622c2.403,0,2.688,0.009,3.637,0.052c0.877,0.04,1.354,0.187,1.671,0.31c0.42,0.163,0.72,0.358,1.035,0.673 c0.315,0.315,0.51,0.615,0.673,1.035c0.123,0.317,0.27,0.794,0.31,1.671c0.043,0.949,0.052,1.234,0.052,3.637 s-0.009,2.688-0.052,3.637c-0.04,0.877-0.187,1.354-0.31,1.671c-0.163,0.42-0.358,0.72-0.673,1.035 c-0.315,0.315-0.615,0.51-1.035,0.673c-0.317,0.123-0.794,0.27-1.671,0.31c-0.949,0.043-1.233,0.052-3.637,0.052 s-2.688-0.009-3.637-0.052c-0.877-0.04-1.354-0.187-1.671-0.31c-0.42-0.163-0.72-0.358-1.035-0.673 c-0.315-0.315-0.51-0.615-0.673-1.035c-0.123-0.317-0.27-0.794-0.31-1.671C4.631,14.688,4.622,14.403,4.622,12 s0.009-2.688,0.052-3.637c0.04-0.877,0.187-1.354,0.31-1.671c0.163-0.42,0.358-0.72,0.673-1.035 c0.315-0.315,0.615-0.51,1.035-0.673c0.317-0.123,0.794-0.27,1.671-0.31C9.312,4.631,9.597,4.622,12,4.622 M12,3 C9.556,3,9.249,3.01,8.289,3.054C7.331,3.098,6.677,3.25,6.105,3.472C5.513,3.702,5.011,4.01,4.511,4.511 c-0.5,0.5-0.808,1.002-1.038,1.594C3.25,6.677,3.098,7.331,3.054,8.289C3.01,9.249,3,9.556,3,12c0,2.444,0.01,2.751,0.054,3.711 c0.044,0.958,0.196,1.612,0.418,2.185c0.23,0.592,0.538,1.094,1.038,1.594c0.5,0.5,1.002,0.808,1.594,1.038 c0.572,0.222,1.227,0.375,2.185,0.418C9.249,20.99,9.556,21,12,21s2.751-0.01,3.711-0.054c0.958-0.044,1.612-0.196,2.185-0.418 c0.592-0.23,1.094-0.538,1.594-1.038c0.5-0.5,0.808-1.002,1.038-1.594c0.222-0.572,0.375-1.227,0.418-2.185 C20.99,14.751,21,14.444,21,12s-0.01-2.751-0.054-3.711c-0.044-0.958-0.196-1.612-0.418-2.185c-0.23-0.592-0.538-1.094-1.038-1.594 c-0.5-0.5-1.002-0.808-1.594-1.038c-0.572-0.222-1.227-0.375-2.185-0.418C14.751,3.01,14.444,3,12,3L12,3z M12,7.378 c-2.552,0-4.622,2.069-4.622,4.622S9.448,16.622,12,16.622s4.622-2.069,4.622-4.622S14.552,7.378,12,7.378z M12,15 c-1.657,0-3-1.343-3-3s1.343-3,3-3s3,1.343,3,3S13.657,15,12,15z M16.804,6.116c-0.596,0-1.08,0.484-1.08,1.08 s0.484,1.08,1.08,1.08c0.596,0,1.08-0.484,1.08-1.08S17.401,6.116,16.804,6.116z\"><\/path><\/svg><span class=\"wp-block-social-link-label screen-reader-text\">Instagram<\/span><\/a><\/li><\/ul>\n<\/div>\n\n<div class=\"wp-block-group alignfull has-accent-4-background-color has-background has-global-padding is-layout-constrained wp-container-core-group-is-layout-ed5e8923 wp-block-group-is-layout-constrained\" style=\"margin-top:var(--wp--preset--spacing--20);margin-bottom:0;padding-top:var(--wp--preset--spacing--20);padding-right:var(--wp--preset--spacing--20);padding-bottom:var(--wp--preset--spacing--20);padding-left:var(--wp--preset--spacing--20)\">\n<h2 class=\"wp-block-heading has-text-align-center\">Tambi\u00e9n te puede interesar\u2026<\/h2>\n\n\n\n<div class=\"wp-block-group has-global-padding is-layout-constrained wp-container-core-group-is-layout-c385debf wp-block-group-is-layout-constrained\" style=\"padding-top:var(--wp--preset--spacing--20);padding-right:var(--wp--preset--spacing--20);padding-bottom:var(--wp--preset--spacing--20);padding-left:var(--wp--preset--spacing--20)\">\n<div class=\"wp-block-columns is-layout-flex wp-container-core-columns-is-layout-28f84493 wp-block-columns-is-layout-flex\">\n<div class=\"wp-block-column is-layout-flow wp-block-column-is-layout-flow\">\n<figure class=\"wp-block-image aligncenter size-full has-custom-border\"><img loading=\"lazy\" decoding=\"async\" width=\"2560\" height=\"1707\" src=\"https:\/\/www.tourisme-volvestre.fr\/wp-content\/uploads\/2025\/06\/saintsulpicesurleze_patrimoine_arcade@paulineplantrou.jpg\" alt=\"\" class=\"wp-image-6711\" style=\"border-radius:25px;aspect-ratio:1;object-fit:cover\" srcset=\"https:\/\/www.tourisme-volvestre.fr\/wp-content\/uploads\/2025\/06\/saintsulpicesurleze_patrimoine_arcade@paulineplantrou.jpg 2560w, https:\/\/www.tourisme-volvestre.fr\/wp-content\/uploads\/2025\/06\/saintsulpicesurleze_patrimoine_arcade@paulineplantrou-300x200.jpg 300w, https:\/\/www.tourisme-volvestre.fr\/wp-content\/uploads\/2025\/06\/saintsulpicesurleze_patrimoine_arcade@paulineplantrou-1024x683.jpg 1024w, https:\/\/www.tourisme-volvestre.fr\/wp-content\/uploads\/2025\/06\/saintsulpicesurleze_patrimoine_arcade@paulineplantrou-768x512.jpg 768w, https:\/\/www.tourisme-volvestre.fr\/wp-content\/uploads\/2025\/06\/saintsulpicesurleze_patrimoine_arcade@paulineplantrou-1536x1024.jpg 1536w, https:\/\/www.tourisme-volvestre.fr\/wp-content\/uploads\/2025\/06\/saintsulpicesurleze_patrimoine_arcade@paulineplantrou-2048x1366.jpg 2048w\" sizes=\"auto, (max-width: 2560px) 100vw, 2560px\" \/><figcaption class=\"wp-element-caption\">Saint-Sulpice-sur-L\u00e8ze @PaulinePlantrou<\/figcaption><\/figure>\n\n\n\n<div class=\"wp-block-buttons is-content-justification-center is-layout-flex wp-container-core-buttons-is-layout-a89b3969 wp-block-buttons-is-layout-flex\">\n<div class=\"wp-block-button\"><a class=\"wp-block-button__link wp-element-button\" href=\"https:\/\/www.tourisme-volvestre.fr\/nuestros-pueblos-y-ciudades-del-volvestre\/?lang=es\">Los pueblos y ciudades del Volvestre<\/a><\/div>\n<\/div>\n<\/div>\n\n\n\n<div class=\"wp-block-column is-layout-flow wp-block-column-is-layout-flow\">\n<figure class=\"wp-block-image aligncenter size-full has-custom-border\"><img loading=\"lazy\" decoding=\"async\" width=\"1928\" height=\"2560\" src=\"https:\/\/www.tourisme-volvestre.fr\/wp-content\/uploads\/2025\/06\/montbrun_echorando_groupe_ete@oti.jpg\" alt=\"\" class=\"wp-image-4340\" style=\"border-radius:25px;aspect-ratio:1;object-fit:cover\" srcset=\"https:\/\/www.tourisme-volvestre.fr\/wp-content\/uploads\/2025\/06\/montbrun_echorando_groupe_ete@oti.jpg 1928w, https:\/\/www.tourisme-volvestre.fr\/wp-content\/uploads\/2025\/06\/montbrun_echorando_groupe_ete@oti-226x300.jpg 226w, https:\/\/www.tourisme-volvestre.fr\/wp-content\/uploads\/2025\/06\/montbrun_echorando_groupe_ete@oti-771x1024.jpg 771w, https:\/\/www.tourisme-volvestre.fr\/wp-content\/uploads\/2025\/06\/montbrun_echorando_groupe_ete@oti-768x1020.jpg 768w, https:\/\/www.tourisme-volvestre.fr\/wp-content\/uploads\/2025\/06\/montbrun_echorando_groupe_ete@oti-1157x1536.jpg 1157w, https:\/\/www.tourisme-volvestre.fr\/wp-content\/uploads\/2025\/06\/montbrun_echorando_groupe_ete@oti-1542x2048.jpg 1542w\" sizes=\"auto, (max-width: 1928px) 100vw, 1928px\" \/><figcaption class=\"wp-element-caption\">Excursiones guiadas de Montbrun-Bocage @OTIduVolvestre<\/figcaption><\/figure>\n\n\n\n<div class=\"wp-block-buttons is-content-justification-center is-layout-flex wp-container-core-buttons-is-layout-a89b3969 wp-block-buttons-is-layout-flex\">\n<div class=\"wp-block-button\"><a class=\"wp-block-button__link wp-element-button\" href=\"https:\/\/www.tourisme-volvestre.fr\/nuestras-excursiones-guiadas-en-volvestre\/?lang=es\">Nuestras excursiones guiadas<\/a><\/div>\n<\/div>\n<\/div>\n\n\n\n<div class=\"wp-block-column is-layout-flow wp-block-column-is-layout-flow\">\n<figure class=\"wp-block-image aligncenter size-full has-custom-border\"><img loading=\"lazy\" decoding=\"async\" width=\"2560\" height=\"1445\" src=\"https:\/\/www.tourisme-volvestre.fr\/wp-content\/uploads\/2025\/06\/rieuxvolvestre-animation_visiteguidee_theatralisee_groupe_fig_sebastienriff@lisaot-1.jpeg\" alt=\"\" class=\"wp-image-3752\" style=\"border-radius:25px;aspect-ratio:1;object-fit:cover\" srcset=\"https:\/\/www.tourisme-volvestre.fr\/wp-content\/uploads\/2025\/06\/rieuxvolvestre-animation_visiteguidee_theatralisee_groupe_fig_sebastienriff@lisaot-1.jpeg 2560w, https:\/\/www.tourisme-volvestre.fr\/wp-content\/uploads\/2025\/06\/rieuxvolvestre-animation_visiteguidee_theatralisee_groupe_fig_sebastienriff@lisaot-1-300x169.jpeg 300w, https:\/\/www.tourisme-volvestre.fr\/wp-content\/uploads\/2025\/06\/rieuxvolvestre-animation_visiteguidee_theatralisee_groupe_fig_sebastienriff@lisaot-1-1024x578.jpeg 1024w\" sizes=\"auto, (max-width: 2560px) 100vw, 2560px\" \/><figcaption class=\"wp-element-caption\">Visita de Rieux-Volvestre @OTIduVolvestre<\/figcaption><\/figure>\n\n\n\n<div class=\"wp-block-buttons is-content-justification-center is-layout-flex wp-container-core-buttons-is-layout-a89b3969 wp-block-buttons-is-layout-flex\">\n<div class=\"wp-block-button\"><a class=\"wp-block-button__link wp-element-button\" href=\"https:\/\/www.tourisme-volvestre.fr\/nuestras-visitas-guiadas\/?lang=es\">Nuestras visitas guiadas<\/a><\/div>\n<\/div>\n<\/div>\n<\/div>\n<\/div>\n<\/div>\n","protected":false},"excerpt":{"rendered":"<p>\u00bfY si descubrieras el Volvestre\u2026 en la noche? Todos los martes por la noche, de julio a agosto, disfruta de nuestras visitas nocturnas. Una forma \u00fanica y acogedora de explorar los pueblos del Volvestre en un ambiente singular, con historias y an\u00e9cdotas hist\u00f3ricas. Nuestras visitas nocturnas Montbrun-Bocage 8 de julio de 2025 Venga escuchar la [&hellip;]<\/p>\n","protected":false},"author":8,"featured_media":3734,"comment_status":"closed","ping_status":"closed","sticky":false,"template":"","format":"standard","meta":{"_acf_changed":false,"inline_featured_image":false,"footnotes":""},"categories":[64,66],"tags":[],"class_list":["post-8597","post","type-post","status-publish","format-standard","has-post-thumbnail","hentry","category-actividad","category-patrimonio"],"acf":[],"yoast_head":"<!-- This site is optimized with the Yoast SEO plugin v27.3 - https:\/\/yoast.com\/product\/yoast-seo-wordpress\/ -->\n<title>Visitas nocturnas del Volvestre - Volvestre Tourisme<\/title>\n<meta name=\"description\" content=\"Este verano, explore siete pueblos del Volvestre en la noche gracias a las visitas guiadas nocturnas que propone la Oficina de Turismo.\" \/>\n<meta name=\"robots\" content=\"index, follow, max-snippet:-1, max-image-preview:large, max-video-preview:-1\" \/>\n<link rel=\"canonical\" href=\"https:\/\/www.tourisme-volvestre.fr\/es\/visitas-nocturnas-del-volvestre\/\" \/>\n<meta property=\"og:locale\" content=\"es_ES\" \/>\n<meta property=\"og:type\" content=\"article\" \/>\n<meta property=\"og:title\" content=\"Visitas nocturnas del Volvestre - Volvestre Tourisme\" \/>\n<meta property=\"og:description\" content=\"Este verano, explore siete pueblos del Volvestre en la noche gracias a las visitas guiadas nocturnas que propone la Oficina de Turismo.\" \/>\n<meta property=\"og:url\" content=\"https:\/\/www.tourisme-volvestre.fr\/es\/visitas-nocturnas-del-volvestre\/\" \/>\n<meta property=\"og:site_name\" content=\"Volvestre Tourisme\" \/>\n<meta property=\"article:publisher\" content=\"https:\/\/www.facebook.com\/TourismeVolvestre\" \/>\n<meta property=\"article:published_time\" content=\"2025-05-14T12:42:39+00:00\" \/>\n<meta property=\"article:modified_time\" content=\"2025-08-21T13:37:38+00:00\" \/>\n<meta property=\"og:image\" content=\"https:\/\/www.tourisme-volvestre.fr\/wp-content\/uploads\/2025\/06\/Astro_Volvestre_3-1.jpg\" \/>\n\t<meta property=\"og:image:width\" content=\"2560\" \/>\n\t<meta property=\"og:image:height\" content=\"1707\" \/>\n\t<meta property=\"og:image:type\" content=\"image\/jpeg\" \/>\n<meta name=\"author\" content=\"Oc\u00e9ane BOSC\" \/>\n<meta name=\"twitter:card\" content=\"summary_large_image\" \/>\n<meta name=\"twitter:label1\" content=\"Escrito por\" \/>\n\t<meta name=\"twitter:data1\" content=\"Oc\u00e9ane BOSC\" \/>\n\t<meta name=\"twitter:label2\" content=\"Tiempo de lectura\" \/>\n\t<meta name=\"twitter:data2\" content=\"2 minutos\" \/>\n<script type=\"application\/ld+json\" class=\"yoast-schema-graph\">{\"@context\":\"https:\\\/\\\/schema.org\",\"@graph\":[{\"@type\":\"Article\",\"@id\":\"https:\\\/\\\/www.tourisme-volvestre.fr\\\/es\\\/visitas-nocturnas-del-volvestre\\\/#article\",\"isPartOf\":{\"@id\":\"https:\\\/\\\/www.tourisme-volvestre.fr\\\/es\\\/visitas-nocturnas-del-volvestre\\\/\"},\"author\":{\"name\":\"Oc\u00e9ane BOSC\",\"@id\":\"https:\\\/\\\/www.tourisme-volvestre.fr\\\/es\\\/#\\\/schema\\\/person\\\/b02d5e546bd6b4226a52a12e158e6c96\"},\"headline\":\"Visitas nocturnas del Volvestre\",\"datePublished\":\"2025-05-14T12:42:39+00:00\",\"dateModified\":\"2025-08-21T13:37:38+00:00\",\"mainEntityOfPage\":{\"@id\":\"https:\\\/\\\/www.tourisme-volvestre.fr\\\/es\\\/visitas-nocturnas-del-volvestre\\\/\"},\"wordCount\":319,\"publisher\":{\"@id\":\"https:\\\/\\\/www.tourisme-volvestre.fr\\\/es\\\/#organization\"},\"image\":{\"@id\":\"https:\\\/\\\/www.tourisme-volvestre.fr\\\/es\\\/visitas-nocturnas-del-volvestre\\\/#primaryimage\"},\"thumbnailUrl\":\"https:\\\/\\\/www.tourisme-volvestre.fr\\\/wp-content\\\/uploads\\\/2025\\\/06\\\/Astro_Volvestre_3-1.jpg\",\"articleSection\":[\"Actividad\",\"Patrimonio\"],\"inLanguage\":\"es\"},{\"@type\":\"WebPage\",\"@id\":\"https:\\\/\\\/www.tourisme-volvestre.fr\\\/es\\\/visitas-nocturnas-del-volvestre\\\/\",\"url\":\"https:\\\/\\\/www.tourisme-volvestre.fr\\\/es\\\/visitas-nocturnas-del-volvestre\\\/\",\"name\":\"Visitas nocturnas del Volvestre - Volvestre Tourisme\",\"isPartOf\":{\"@id\":\"https:\\\/\\\/www.tourisme-volvestre.fr\\\/es\\\/#website\"},\"primaryImageOfPage\":{\"@id\":\"https:\\\/\\\/www.tourisme-volvestre.fr\\\/es\\\/visitas-nocturnas-del-volvestre\\\/#primaryimage\"},\"image\":{\"@id\":\"https:\\\/\\\/www.tourisme-volvestre.fr\\\/es\\\/visitas-nocturnas-del-volvestre\\\/#primaryimage\"},\"thumbnailUrl\":\"https:\\\/\\\/www.tourisme-volvestre.fr\\\/wp-content\\\/uploads\\\/2025\\\/06\\\/Astro_Volvestre_3-1.jpg\",\"datePublished\":\"2025-05-14T12:42:39+00:00\",\"dateModified\":\"2025-08-21T13:37:38+00:00\",\"description\":\"Este verano, explore siete pueblos del Volvestre en la noche gracias a las visitas guiadas nocturnas que propone la Oficina de Turismo.\",\"breadcrumb\":{\"@id\":\"https:\\\/\\\/www.tourisme-volvestre.fr\\\/es\\\/visitas-nocturnas-del-volvestre\\\/#breadcrumb\"},\"inLanguage\":\"es\",\"potentialAction\":[{\"@type\":\"ReadAction\",\"target\":[\"https:\\\/\\\/www.tourisme-volvestre.fr\\\/es\\\/visitas-nocturnas-del-volvestre\\\/\"]}]},{\"@type\":\"ImageObject\",\"inLanguage\":\"es\",\"@id\":\"https:\\\/\\\/www.tourisme-volvestre.fr\\\/es\\\/visitas-nocturnas-del-volvestre\\\/#primaryimage\",\"url\":\"https:\\\/\\\/www.tourisme-volvestre.fr\\\/wp-content\\\/uploads\\\/2025\\\/06\\\/Astro_Volvestre_3-1.jpg\",\"contentUrl\":\"https:\\\/\\\/www.tourisme-volvestre.fr\\\/wp-content\\\/uploads\\\/2025\\\/06\\\/Astro_Volvestre_3-1.jpg\",\"width\":2560,\"height\":1707},{\"@type\":\"BreadcrumbList\",\"@id\":\"https:\\\/\\\/www.tourisme-volvestre.fr\\\/es\\\/visitas-nocturnas-del-volvestre\\\/#breadcrumb\",\"itemListElement\":[{\"@type\":\"ListItem\",\"position\":1,\"name\":\"Accueil\",\"item\":\"https:\\\/\\\/www.tourisme-volvestre.fr\\\/es\\\/?lang=es\"},{\"@type\":\"ListItem\",\"position\":2,\"name\":\"Actividad\",\"item\":\"https:\\\/\\\/www.tourisme-volvestre.fr\\\/es\\\/category\\\/actividad\\\/\"},{\"@type\":\"ListItem\",\"position\":3,\"name\":\"Visitas nocturnas del Volvestre\"}]},{\"@type\":\"WebSite\",\"@id\":\"https:\\\/\\\/www.tourisme-volvestre.fr\\\/es\\\/#website\",\"url\":\"https:\\\/\\\/www.tourisme-volvestre.fr\\\/es\\\/\",\"name\":\"Volvestre Tourisme\",\"description\":\"\",\"publisher\":{\"@id\":\"https:\\\/\\\/www.tourisme-volvestre.fr\\\/es\\\/#organization\"},\"alternateName\":\"OT Volvestre\",\"potentialAction\":[{\"@type\":\"SearchAction\",\"target\":{\"@type\":\"EntryPoint\",\"urlTemplate\":\"https:\\\/\\\/www.tourisme-volvestre.fr\\\/es\\\/?s={search_term_string}\"},\"query-input\":{\"@type\":\"PropertyValueSpecification\",\"valueRequired\":true,\"valueName\":\"search_term_string\"}}],\"inLanguage\":\"es\"},{\"@type\":\"Organization\",\"@id\":\"https:\\\/\\\/www.tourisme-volvestre.fr\\\/es\\\/#organization\",\"name\":\"Volvestre Tourisme\",\"url\":\"https:\\\/\\\/www.tourisme-volvestre.fr\\\/es\\\/\",\"logo\":{\"@type\":\"ImageObject\",\"inLanguage\":\"es\",\"@id\":\"https:\\\/\\\/www.tourisme-volvestre.fr\\\/es\\\/#\\\/schema\\\/logo\\\/image\\\/\",\"url\":\"https:\\\/\\\/www.tourisme-volvestre.fr\\\/wp-content\\\/uploads\\\/2025\\\/02\\\/logo-site.png\",\"contentUrl\":\"https:\\\/\\\/www.tourisme-volvestre.fr\\\/wp-content\\\/uploads\\\/2025\\\/02\\\/logo-site.png\",\"width\":152,\"height\":152,\"caption\":\"Volvestre Tourisme\"},\"image\":{\"@id\":\"https:\\\/\\\/www.tourisme-volvestre.fr\\\/es\\\/#\\\/schema\\\/logo\\\/image\\\/\"},\"sameAs\":[\"https:\\\/\\\/www.facebook.com\\\/TourismeVolvestre\",\"https:\\\/\\\/www.instagram.com\\\/tourismevolvestre\"]},{\"@type\":\"Person\",\"@id\":\"https:\\\/\\\/www.tourisme-volvestre.fr\\\/es\\\/#\\\/schema\\\/person\\\/b02d5e546bd6b4226a52a12e158e6c96\",\"name\":\"Oc\u00e9ane BOSC\",\"image\":{\"@type\":\"ImageObject\",\"inLanguage\":\"es\",\"@id\":\"https:\\\/\\\/secure.gravatar.com\\\/avatar\\\/043e8ec29120e506199de767e94b555eab870dd92a89970dc53c302ede32ccfc?s=96&d=mm&r=g\",\"url\":\"https:\\\/\\\/secure.gravatar.com\\\/avatar\\\/043e8ec29120e506199de767e94b555eab870dd92a89970dc53c302ede32ccfc?s=96&d=mm&r=g\",\"contentUrl\":\"https:\\\/\\\/secure.gravatar.com\\\/avatar\\\/043e8ec29120e506199de767e94b555eab870dd92a89970dc53c302ede32ccfc?s=96&d=mm&r=g\",\"caption\":\"Oc\u00e9ane BOSC\"}}]}<\/script>\n<!-- \/ Yoast SEO plugin. -->","yoast_head_json":{"title":"Visitas nocturnas del Volvestre - Volvestre Tourisme","description":"Este verano, explore siete pueblos del Volvestre en la noche gracias a las visitas guiadas nocturnas que propone la Oficina de Turismo.","robots":{"index":"index","follow":"follow","max-snippet":"max-snippet:-1","max-image-preview":"max-image-preview:large","max-video-preview":"max-video-preview:-1"},"canonical":"https:\/\/www.tourisme-volvestre.fr\/es\/visitas-nocturnas-del-volvestre\/","og_locale":"es_ES","og_type":"article","og_title":"Visitas nocturnas del Volvestre - Volvestre Tourisme","og_description":"Este verano, explore siete pueblos del Volvestre en la noche gracias a las visitas guiadas nocturnas que propone la Oficina de Turismo.","og_url":"https:\/\/www.tourisme-volvestre.fr\/es\/visitas-nocturnas-del-volvestre\/","og_site_name":"Volvestre Tourisme","article_publisher":"https:\/\/www.facebook.com\/TourismeVolvestre","article_published_time":"2025-05-14T12:42:39+00:00","article_modified_time":"2025-08-21T13:37:38+00:00","og_image":[{"width":2560,"height":1707,"url":"https:\/\/www.tourisme-volvestre.fr\/wp-content\/uploads\/2025\/06\/Astro_Volvestre_3-1.jpg","type":"image\/jpeg"}],"author":"Oc\u00e9ane BOSC","twitter_card":"summary_large_image","twitter_misc":{"Escrito por":"Oc\u00e9ane BOSC","Tiempo de lectura":"2 minutos"},"schema":{"@context":"https:\/\/schema.org","@graph":[{"@type":"Article","@id":"https:\/\/www.tourisme-volvestre.fr\/es\/visitas-nocturnas-del-volvestre\/#article","isPartOf":{"@id":"https:\/\/www.tourisme-volvestre.fr\/es\/visitas-nocturnas-del-volvestre\/"},"author":{"name":"Oc\u00e9ane BOSC","@id":"https:\/\/www.tourisme-volvestre.fr\/es\/#\/schema\/person\/b02d5e546bd6b4226a52a12e158e6c96"},"headline":"Visitas nocturnas del Volvestre","datePublished":"2025-05-14T12:42:39+00:00","dateModified":"2025-08-21T13:37:38+00:00","mainEntityOfPage":{"@id":"https:\/\/www.tourisme-volvestre.fr\/es\/visitas-nocturnas-del-volvestre\/"},"wordCount":319,"publisher":{"@id":"https:\/\/www.tourisme-volvestre.fr\/es\/#organization"},"image":{"@id":"https:\/\/www.tourisme-volvestre.fr\/es\/visitas-nocturnas-del-volvestre\/#primaryimage"},"thumbnailUrl":"https:\/\/www.tourisme-volvestre.fr\/wp-content\/uploads\/2025\/06\/Astro_Volvestre_3-1.jpg","articleSection":["Actividad","Patrimonio"],"inLanguage":"es"},{"@type":"WebPage","@id":"https:\/\/www.tourisme-volvestre.fr\/es\/visitas-nocturnas-del-volvestre\/","url":"https:\/\/www.tourisme-volvestre.fr\/es\/visitas-nocturnas-del-volvestre\/","name":"Visitas nocturnas del Volvestre - Volvestre Tourisme","isPartOf":{"@id":"https:\/\/www.tourisme-volvestre.fr\/es\/#website"},"primaryImageOfPage":{"@id":"https:\/\/www.tourisme-volvestre.fr\/es\/visitas-nocturnas-del-volvestre\/#primaryimage"},"image":{"@id":"https:\/\/www.tourisme-volvestre.fr\/es\/visitas-nocturnas-del-volvestre\/#primaryimage"},"thumbnailUrl":"https:\/\/www.tourisme-volvestre.fr\/wp-content\/uploads\/2025\/06\/Astro_Volvestre_3-1.jpg","datePublished":"2025-05-14T12:42:39+00:00","dateModified":"2025-08-21T13:37:38+00:00","description":"Este verano, explore siete pueblos del Volvestre en la noche gracias a las visitas guiadas nocturnas que propone la Oficina de Turismo.","breadcrumb":{"@id":"https:\/\/www.tourisme-volvestre.fr\/es\/visitas-nocturnas-del-volvestre\/#breadcrumb"},"inLanguage":"es","potentialAction":[{"@type":"ReadAction","target":["https:\/\/www.tourisme-volvestre.fr\/es\/visitas-nocturnas-del-volvestre\/"]}]},{"@type":"ImageObject","inLanguage":"es","@id":"https:\/\/www.tourisme-volvestre.fr\/es\/visitas-nocturnas-del-volvestre\/#primaryimage","url":"https:\/\/www.tourisme-volvestre.fr\/wp-content\/uploads\/2025\/06\/Astro_Volvestre_3-1.jpg","contentUrl":"https:\/\/www.tourisme-volvestre.fr\/wp-content\/uploads\/2025\/06\/Astro_Volvestre_3-1.jpg","width":2560,"height":1707},{"@type":"BreadcrumbList","@id":"https:\/\/www.tourisme-volvestre.fr\/es\/visitas-nocturnas-del-volvestre\/#breadcrumb","itemListElement":[{"@type":"ListItem","position":1,"name":"Accueil","item":"https:\/\/www.tourisme-volvestre.fr\/es\/?lang=es"},{"@type":"ListItem","position":2,"name":"Actividad","item":"https:\/\/www.tourisme-volvestre.fr\/es\/category\/actividad\/"},{"@type":"ListItem","position":3,"name":"Visitas nocturnas del Volvestre"}]},{"@type":"WebSite","@id":"https:\/\/www.tourisme-volvestre.fr\/es\/#website","url":"https:\/\/www.tourisme-volvestre.fr\/es\/","name":"Volvestre Tourisme","description":"","publisher":{"@id":"https:\/\/www.tourisme-volvestre.fr\/es\/#organization"},"alternateName":"OT Volvestre","potentialAction":[{"@type":"SearchAction","target":{"@type":"EntryPoint","urlTemplate":"https:\/\/www.tourisme-volvestre.fr\/es\/?s={search_term_string}"},"query-input":{"@type":"PropertyValueSpecification","valueRequired":true,"valueName":"search_term_string"}}],"inLanguage":"es"},{"@type":"Organization","@id":"https:\/\/www.tourisme-volvestre.fr\/es\/#organization","name":"Volvestre Tourisme","url":"https:\/\/www.tourisme-volvestre.fr\/es\/","logo":{"@type":"ImageObject","inLanguage":"es","@id":"https:\/\/www.tourisme-volvestre.fr\/es\/#\/schema\/logo\/image\/","url":"https:\/\/www.tourisme-volvestre.fr\/wp-content\/uploads\/2025\/02\/logo-site.png","contentUrl":"https:\/\/www.tourisme-volvestre.fr\/wp-content\/uploads\/2025\/02\/logo-site.png","width":152,"height":152,"caption":"Volvestre Tourisme"},"image":{"@id":"https:\/\/www.tourisme-volvestre.fr\/es\/#\/schema\/logo\/image\/"},"sameAs":["https:\/\/www.facebook.com\/TourismeVolvestre","https:\/\/www.instagram.com\/tourismevolvestre"]},{"@type":"Person","@id":"https:\/\/www.tourisme-volvestre.fr\/es\/#\/schema\/person\/b02d5e546bd6b4226a52a12e158e6c96","name":"Oc\u00e9ane BOSC","image":{"@type":"ImageObject","inLanguage":"es","@id":"https:\/\/secure.gravatar.com\/avatar\/043e8ec29120e506199de767e94b555eab870dd92a89970dc53c302ede32ccfc?s=96&d=mm&r=g","url":"https:\/\/secure.gravatar.com\/avatar\/043e8ec29120e506199de767e94b555eab870dd92a89970dc53c302ede32ccfc?s=96&d=mm&r=g","contentUrl":"https:\/\/secure.gravatar.com\/avatar\/043e8ec29120e506199de767e94b555eab870dd92a89970dc53c302ede32ccfc?s=96&d=mm&r=g","caption":"Oc\u00e9ane BOSC"}}]}},"_links":{"self":[{"href":"https:\/\/www.tourisme-volvestre.fr\/es\/wp-json\/wp\/v2\/posts\/8597","targetHints":{"allow":["GET"]}}],"collection":[{"href":"https:\/\/www.tourisme-volvestre.fr\/es\/wp-json\/wp\/v2\/posts"}],"about":[{"href":"https:\/\/www.tourisme-volvestre.fr\/es\/wp-json\/wp\/v2\/types\/post"}],"author":[{"embeddable":true,"href":"https:\/\/www.tourisme-volvestre.fr\/es\/wp-json\/wp\/v2\/users\/8"}],"replies":[{"embeddable":true,"href":"https:\/\/www.tourisme-volvestre.fr\/es\/wp-json\/wp\/v2\/comments?post=8597"}],"version-history":[{"count":4,"href":"https:\/\/www.tourisme-volvestre.fr\/es\/wp-json\/wp\/v2\/posts\/8597\/revisions"}],"predecessor-version":[{"id":9702,"href":"https:\/\/www.tourisme-volvestre.fr\/es\/wp-json\/wp\/v2\/posts\/8597\/revisions\/9702"}],"wp:featuredmedia":[{"embeddable":true,"href":"https:\/\/www.tourisme-volvestre.fr\/es\/wp-json\/wp\/v2\/media\/3734"}],"wp:attachment":[{"href":"https:\/\/www.tourisme-volvestre.fr\/es\/wp-json\/wp\/v2\/media?parent=8597"}],"wp:term":[{"taxonomy":"category","embeddable":true,"href":"https:\/\/www.tourisme-volvestre.fr\/es\/wp-json\/wp\/v2\/categories?post=8597"},{"taxonomy":"post_tag","embeddable":true,"href":"https:\/\/www.tourisme-volvestre.fr\/es\/wp-json\/wp\/v2\/tags?post=8597"}],"curies":[{"name":"wp","href":"https:\/\/api.w.org\/{rel}","templated":true}]}}