{"id":8625,"date":"2025-06-28T17:13:15","date_gmt":"2025-06-28T15:13:15","guid":{"rendered":"https:\/\/www.tourisme-volvestre.fr\/podcast-historia-historias-de-gabriel-tamalet\/"},"modified":"2025-08-12T15:35:04","modified_gmt":"2025-08-12T13:35:04","slug":"podcast-historia-historias-de-gabriel-tamalet","status":"publish","type":"post","link":"https:\/\/www.tourisme-volvestre.fr\/es\/podcast-historia-historias-de-gabriel-tamalet\/","title":{"rendered":"Podcast \u201cHistoria \u2013 Historias\u201d de Gabriel Tamalet"},"content":{"rendered":"\n<div class=\"wp-block-columns is-layout-flex wp-container-core-columns-is-layout-28f84493 wp-block-columns-is-layout-flex\">\n<div class=\"wp-block-column is-layout-flow wp-block-column-is-layout-flow\">\n<h2 class=\"wp-block-heading has-text-align-center\" style=\"font-size:clamp(1.403rem, 1.403rem + ((1vw - 0.2rem) * 1.495), 2.3rem);\">Descubre el Volvestre de otra manera <\/h2>\n\n\n\n<figure class=\"wp-block-image aligncenter size-full is-resized is-style-rounded is-style-rounded--1\"><img loading=\"lazy\" decoding=\"async\" width=\"1200\" height=\"675\" src=\"https:\/\/www.tourisme-volvestre.fr\/wp-content\/uploads\/2025\/03\/Histoire-histoires__5_-_1_-2.jpg\" alt=\"\" class=\"wp-image-1452\" style=\"width:862px;height:auto\" srcset=\"https:\/\/www.tourisme-volvestre.fr\/wp-content\/uploads\/2025\/03\/Histoire-histoires__5_-_1_-2.jpg 1200w, https:\/\/www.tourisme-volvestre.fr\/wp-content\/uploads\/2025\/03\/Histoire-histoires__5_-_1_-2-300x169.jpg 300w, https:\/\/www.tourisme-volvestre.fr\/wp-content\/uploads\/2025\/03\/Histoire-histoires__5_-_1_-2-1024x576.jpg 1024w, https:\/\/www.tourisme-volvestre.fr\/wp-content\/uploads\/2025\/03\/Histoire-histoires__5_-_1_-2-768x432.jpg 768w\" sizes=\"auto, (max-width: 1200px) 100vw, 1200px\" \/><figcaption class=\"wp-element-caption\">Gabriel Tamalet @OTIduVolvestre<\/figcaption><\/figure>\n<\/div>\n<\/div>\n\n<div class=\"wp-block-columns is-layout-flex wp-container-core-columns-is-layout-28f84493 wp-block-columns-is-layout-flex\">\n<div class=\"wp-block-column is-layout-flow wp-block-column-is-layout-flow\">\n<h2 class=\"wp-block-heading has-text-align-center\" style=\"font-size:clamp(1.403rem, 1.403rem + ((1vw - 0.2rem) * 1.495), 2.3rem);\"><strong>Un viaje narrativo en 10 podcasts<\/strong><\/h2>\n\n\n\n<p class=\"has-text-align-center has-medium-font-size\" style=\"font-style:normal;font-weight:400\">Impulsado por la Oficina de Turismo y la Mancomunidad de municipios del Volvestre, Gabriel Tamalet, narrador, m\u00fasico y actor, se complace en anunciar el lanzamiento de &#8220;Histoire-Histoires&#8230;&#8221;. Les ofrece una serie de diez podcasts que les invitan a explorar el Volvestre desde una nueva perspectiva. <br\/><br\/>Descubran un territorio \u00fanico con estos paseos narrativos, divididos en 10 episodios: Bois-de-la-Pierre, Carbonne, Les \u00e9toiles du Volvestre, Les rivi\u00e8res du Volvestre, Longages, Mailholas, Montbrun-Bocage, Montesquieu-Volvestre, Rieux-Volvestre y Saint-Sulpice-sur-L\u00e8ze.<br\/><br\/>A trav\u00e9s de historias y an\u00e9cdotas sorprendentes, Gabriel Tamalet les invita a un viaje en las historias, lugares y recuerdos que hacen del Volvestre un lugar vibrante y lleno de vida. \u201cHistoire-Histoires\u201d valoriza los recursos locales explorando la memoria y sirviendo de v\u00ednculo entre el pasado, el presente y el futuro. <\/p>\n\n\n\n<div class=\"wp-block-columns is-layout-flex wp-container-core-columns-is-layout-28f84493 wp-block-columns-is-layout-flex\">\n<div class=\"wp-block-column is-layout-flow wp-block-column-is-layout-flow\">\n<figure class=\"wp-block-image size-large\"><img loading=\"lazy\" decoding=\"async\" width=\"1024\" height=\"1024\" src=\"https:\/\/www.tourisme-volvestre.fr\/wp-content\/uploads\/2025\/03\/Bois-de-la-Pierre-1024x1024.jpg\" alt=\"\" class=\"wp-image-1455\" srcset=\"https:\/\/www.tourisme-volvestre.fr\/wp-content\/uploads\/2025\/03\/Bois-de-la-Pierre-1024x1024.jpg 1024w, https:\/\/www.tourisme-volvestre.fr\/wp-content\/uploads\/2025\/03\/Bois-de-la-Pierre-300x300.jpg 300w, https:\/\/www.tourisme-volvestre.fr\/wp-content\/uploads\/2025\/03\/Bois-de-la-Pierre-150x150.jpg 150w, https:\/\/www.tourisme-volvestre.fr\/wp-content\/uploads\/2025\/03\/Bois-de-la-Pierre-768x768.jpg 768w, https:\/\/www.tourisme-volvestre.fr\/wp-content\/uploads\/2025\/03\/Bois-de-la-Pierre.jpg 1080w\" sizes=\"auto, (max-width: 1024px) 100vw, 1024px\" \/><\/figure>\n<\/div>\n\n\n\n<div class=\"wp-block-column is-layout-flow wp-block-column-is-layout-flow\">\n<figure class=\"wp-block-image size-large\"><img loading=\"lazy\" decoding=\"async\" width=\"1024\" height=\"1024\" src=\"https:\/\/www.tourisme-volvestre.fr\/wp-content\/uploads\/2025\/03\/Carbonne-la-terrasse-a-tire-daile-1024x1024.jpg\" alt=\"\" class=\"wp-image-1458\" srcset=\"https:\/\/www.tourisme-volvestre.fr\/wp-content\/uploads\/2025\/03\/Carbonne-la-terrasse-a-tire-daile-1024x1024.jpg 1024w, https:\/\/www.tourisme-volvestre.fr\/wp-content\/uploads\/2025\/03\/Carbonne-la-terrasse-a-tire-daile-300x300.jpg 300w, https:\/\/www.tourisme-volvestre.fr\/wp-content\/uploads\/2025\/03\/Carbonne-la-terrasse-a-tire-daile-150x150.jpg 150w, https:\/\/www.tourisme-volvestre.fr\/wp-content\/uploads\/2025\/03\/Carbonne-la-terrasse-a-tire-daile-768x768.jpg 768w, https:\/\/www.tourisme-volvestre.fr\/wp-content\/uploads\/2025\/03\/Carbonne-la-terrasse-a-tire-daile.jpg 1080w\" sizes=\"auto, (max-width: 1024px) 100vw, 1024px\" \/><\/figure>\n<\/div>\n\n\n\n<div class=\"wp-block-column is-layout-flow wp-block-column-is-layout-flow\">\n<figure class=\"wp-block-image size-large\"><img loading=\"lazy\" decoding=\"async\" width=\"1024\" height=\"1024\" src=\"https:\/\/www.tourisme-volvestre.fr\/wp-content\/uploads\/2025\/03\/Etoiles-du-Volvestre-1024x1024.jpg\" alt=\"\" class=\"wp-image-1467\" srcset=\"https:\/\/www.tourisme-volvestre.fr\/wp-content\/uploads\/2025\/03\/Etoiles-du-Volvestre-1024x1024.jpg 1024w, https:\/\/www.tourisme-volvestre.fr\/wp-content\/uploads\/2025\/03\/Etoiles-du-Volvestre-300x300.jpg 300w, https:\/\/www.tourisme-volvestre.fr\/wp-content\/uploads\/2025\/03\/Etoiles-du-Volvestre-150x150.jpg 150w, https:\/\/www.tourisme-volvestre.fr\/wp-content\/uploads\/2025\/03\/Etoiles-du-Volvestre-768x768.jpg 768w, https:\/\/www.tourisme-volvestre.fr\/wp-content\/uploads\/2025\/03\/Etoiles-du-Volvestre.jpg 1080w\" sizes=\"auto, (max-width: 1024px) 100vw, 1024px\" \/><\/figure>\n<\/div>\n\n\n\n<div class=\"wp-block-column is-layout-flow wp-block-column-is-layout-flow\">\n<figure class=\"wp-block-image size-large\"><img loading=\"lazy\" decoding=\"async\" width=\"1024\" height=\"1024\" src=\"https:\/\/www.tourisme-volvestre.fr\/wp-content\/uploads\/2025\/03\/Rivieres-du-Volvestre-1024x1024.jpg\" alt=\"\" class=\"wp-image-1482\" srcset=\"https:\/\/www.tourisme-volvestre.fr\/wp-content\/uploads\/2025\/03\/Rivieres-du-Volvestre-1024x1024.jpg 1024w, https:\/\/www.tourisme-volvestre.fr\/wp-content\/uploads\/2025\/03\/Rivieres-du-Volvestre-300x300.jpg 300w, https:\/\/www.tourisme-volvestre.fr\/wp-content\/uploads\/2025\/03\/Rivieres-du-Volvestre-150x150.jpg 150w, https:\/\/www.tourisme-volvestre.fr\/wp-content\/uploads\/2025\/03\/Rivieres-du-Volvestre-768x768.jpg 768w, https:\/\/www.tourisme-volvestre.fr\/wp-content\/uploads\/2025\/03\/Rivieres-du-Volvestre.jpg 1080w\" sizes=\"auto, (max-width: 1024px) 100vw, 1024px\" \/><\/figure>\n<\/div>\n\n\n\n<div class=\"wp-block-column is-layout-flow wp-block-column-is-layout-flow\">\n<figure class=\"wp-block-image size-large\"><img loading=\"lazy\" decoding=\"async\" width=\"1024\" height=\"1024\" src=\"https:\/\/www.tourisme-volvestre.fr\/wp-content\/uploads\/2025\/03\/Longages-1024x1024.jpg\" alt=\"\" class=\"wp-image-1470\" srcset=\"https:\/\/www.tourisme-volvestre.fr\/wp-content\/uploads\/2025\/03\/Longages-1024x1024.jpg 1024w, https:\/\/www.tourisme-volvestre.fr\/wp-content\/uploads\/2025\/03\/Longages-300x300.jpg 300w, https:\/\/www.tourisme-volvestre.fr\/wp-content\/uploads\/2025\/03\/Longages-150x150.jpg 150w, https:\/\/www.tourisme-volvestre.fr\/wp-content\/uploads\/2025\/03\/Longages-768x768.jpg 768w, https:\/\/www.tourisme-volvestre.fr\/wp-content\/uploads\/2025\/03\/Longages.jpg 1080w\" sizes=\"auto, (max-width: 1024px) 100vw, 1024px\" \/><\/figure>\n<\/div>\n<\/div>\n<\/div>\n<\/div>\n\n<div class=\"wp-block-group alignfull has-base-2-background-color has-background has-global-padding is-layout-constrained wp-block-group-is-layout-constrained\" style=\"margin-top:0;margin-bottom:0;padding-top:var(--wp--preset--spacing--20);padding-bottom:var(--wp--preset--spacing--20);background-image:url(&apos;https:\/\/www.tourisme-volvestre.fr\/wp-content\/uploads\/2024\/11\/boucle-menu.png&apos;);background-position:0% 65%;background-repeat:no-repeat;background-size:500px;\">\n<div class=\"wp-block-columns is-layout-flex wp-container-core-columns-is-layout-28f84493 wp-block-columns-is-layout-flex\">\n<div class=\"wp-block-column is-layout-flow wp-block-column-is-layout-flow\">\n<div class=\"wp-block-group has-contrast-2-background-color has-background has-global-padding is-layout-constrained wp-container-core-group-is-layout-80fb368b wp-block-group-is-layout-constrained\" style=\"border-radius:15px;padding-top:var(--wp--preset--spacing--30);padding-right:var(--wp--preset--spacing--30);padding-bottom:var(--wp--preset--spacing--30);padding-left:var(--wp--preset--spacing--30);background-image:url(&apos;https:\/\/www.volvestre.fr\/wp-content\/uploads\/2024\/09\/Vectorpour-fond-bleu.png&apos;);background-position:100% 0%;background-repeat:no-repeat;background-size:150px;\">\n<h2 class=\"wp-block-heading has-text-align-center has-base-2-color has-text-color has-link-color wp-elements-95b835fc5a4579b1e06f6ffa042ecf74\" style=\"font-size:clamp(1.25rem, 1.25rem + ((1vw - 0.2rem) * 1.25), 2rem);\">\u00a1Escuchar los podcasts, no podr\u00eda ser m\u00e1s f\u00e1cil!<\/h2>\n\n\n\n<p class=\"has-text-align-center has-base-2-color has-text-color has-link-color has-medium-font-size wp-elements-0af694dbb6751de7a2af1f1a61ae9b96\"><strong>10 episodios que exploran las historias y lugares que hacen del Volvestre un lugar \u00fanico y vibrante.<\/strong> <strong>Simplemente haz clic en tu plataforma de escucha preferida.<\/strong><br\/><strong>\u00a1Disfruta de tu viaje audio!<\/strong><\/p>\n\n\n\n<div class=\"wp-block-columns is-layout-flex wp-container-core-columns-is-layout-28f84493 wp-block-columns-is-layout-flex\">\n<div class=\"wp-block-column is-layout-flow wp-block-column-is-layout-flow\">\n<div class=\"wp-block-columns is-layout-flex wp-container-core-columns-is-layout-28f84493 wp-block-columns-is-layout-flex\">\n<div class=\"wp-block-column is-layout-flow wp-block-column-is-layout-flow\">\n<ul class=\"wp-block-list\">\n<li class=\"has-base-2-color has-text-color has-link-color wp-elements-d6df883920e9c1b73af68415994bf77d\">En <a href=\"https:\/\/audioblog.arteradio.com\/blog\/239200\/histoire-histoires-en-volvestre\">Audioblog<\/a><\/li>\n<\/ul>\n<\/div>\n\n\n\n<div class=\"wp-block-column is-layout-flow wp-block-column-is-layout-flow\">\n<ul class=\"wp-block-list\">\n<li class=\"has-base-2-color has-text-color has-link-color wp-elements-52bfa880fdc2f927e13f0252ac7931b7\">En <a href=\"https:\/\/open.spotify.com\/show\/3uu3JlzsMBHETLqnreipe7\">Spotify<\/a><\/li>\n<\/ul>\n<\/div>\n<\/div>\n<\/div>\n\n\n\n<div class=\"wp-block-column is-layout-flow wp-block-column-is-layout-flow\">\n<div class=\"wp-block-columns is-layout-flex wp-container-core-columns-is-layout-28f84493 wp-block-columns-is-layout-flex\">\n<div class=\"wp-block-column is-layout-flow wp-block-column-is-layout-flow\">\n<ul class=\"wp-block-list\">\n<li class=\"has-base-2-color has-text-color has-link-color wp-elements-02f2d39803d59df7de6a95ad90def92e\">En <a href=\"https:\/\/www.deezer.com\/fr\/show\/1001536801\">Deezer<\/a><\/li>\n<\/ul>\n<\/div>\n\n\n\n<div class=\"wp-block-column is-layout-flow wp-block-column-is-layout-flow\">\n<ul class=\"wp-block-list\">\n<li class=\"has-base-2-color has-text-color has-link-color wp-elements-220a4f6b8b74449c5a92c711f7f80f44\">En <a href=\"https:\/\/podcasts.apple.com\/fr\/podcast\/histoire-histoires-en-volvestre\/id1791052147\">Apple Podcasts<\/a><\/li>\n<\/ul>\n<\/div>\n<\/div>\n<\/div>\n<\/div>\n<\/div>\n<\/div>\n<\/div>\n<\/div>\n\n<div class=\"wp-block-columns is-layout-flex wp-container-core-columns-is-layout-28f84493 wp-block-columns-is-layout-flex\">\n<div class=\"wp-block-column is-layout-flow wp-block-column-is-layout-flow\">\n<figure class=\"wp-block-image size-large\"><img loading=\"lazy\" decoding=\"async\" width=\"1024\" height=\"1024\" src=\"https:\/\/www.tourisme-volvestre.fr\/wp-content\/uploads\/2025\/03\/Mailholas-1024x1024.jpg\" alt=\"\" class=\"wp-image-1476\" srcset=\"https:\/\/www.tourisme-volvestre.fr\/wp-content\/uploads\/2025\/03\/Mailholas-1024x1024.jpg 1024w, https:\/\/www.tourisme-volvestre.fr\/wp-content\/uploads\/2025\/03\/Mailholas-300x300.jpg 300w, https:\/\/www.tourisme-volvestre.fr\/wp-content\/uploads\/2025\/03\/Mailholas-150x150.jpg 150w, https:\/\/www.tourisme-volvestre.fr\/wp-content\/uploads\/2025\/03\/Mailholas-768x768.jpg 768w, https:\/\/www.tourisme-volvestre.fr\/wp-content\/uploads\/2025\/03\/Mailholas.jpg 1080w\" sizes=\"auto, (max-width: 1024px) 100vw, 1024px\" \/><\/figure>\n<\/div>\n\n\n\n<div class=\"wp-block-column is-layout-flow wp-block-column-is-layout-flow\">\n<figure class=\"wp-block-image size-large\"><img loading=\"lazy\" decoding=\"async\" width=\"1024\" height=\"1024\" src=\"https:\/\/www.tourisme-volvestre.fr\/wp-content\/uploads\/2025\/03\/Montbrun-Bocage-1024x1024.jpg\" alt=\"\" class=\"wp-image-1461\" srcset=\"https:\/\/www.tourisme-volvestre.fr\/wp-content\/uploads\/2025\/03\/Montbrun-Bocage-1024x1024.jpg 1024w, https:\/\/www.tourisme-volvestre.fr\/wp-content\/uploads\/2025\/03\/Montbrun-Bocage-300x300.jpg 300w, https:\/\/www.tourisme-volvestre.fr\/wp-content\/uploads\/2025\/03\/Montbrun-Bocage-150x150.jpg 150w, https:\/\/www.tourisme-volvestre.fr\/wp-content\/uploads\/2025\/03\/Montbrun-Bocage-768x768.jpg 768w, https:\/\/www.tourisme-volvestre.fr\/wp-content\/uploads\/2025\/03\/Montbrun-Bocage.jpg 1080w\" sizes=\"auto, (max-width: 1024px) 100vw, 1024px\" \/><\/figure>\n<\/div>\n\n\n\n<div class=\"wp-block-column is-layout-flow wp-block-column-is-layout-flow\">\n<figure class=\"wp-block-image size-large\"><img loading=\"lazy\" decoding=\"async\" width=\"1024\" height=\"1024\" src=\"https:\/\/www.tourisme-volvestre.fr\/wp-content\/uploads\/2025\/03\/Montesquieu-Volvestre-1024x1024.jpg\" alt=\"\" class=\"wp-image-1473\" srcset=\"https:\/\/www.tourisme-volvestre.fr\/wp-content\/uploads\/2025\/03\/Montesquieu-Volvestre-1024x1024.jpg 1024w, https:\/\/www.tourisme-volvestre.fr\/wp-content\/uploads\/2025\/03\/Montesquieu-Volvestre-300x300.jpg 300w, https:\/\/www.tourisme-volvestre.fr\/wp-content\/uploads\/2025\/03\/Montesquieu-Volvestre-150x150.jpg 150w, https:\/\/www.tourisme-volvestre.fr\/wp-content\/uploads\/2025\/03\/Montesquieu-Volvestre-768x768.jpg 768w, https:\/\/www.tourisme-volvestre.fr\/wp-content\/uploads\/2025\/03\/Montesquieu-Volvestre.jpg 1080w\" sizes=\"auto, (max-width: 1024px) 100vw, 1024px\" \/><\/figure>\n<\/div>\n\n\n\n<div class=\"wp-block-column is-layout-flow wp-block-column-is-layout-flow\">\n<figure class=\"wp-block-image size-large\"><img loading=\"lazy\" decoding=\"async\" width=\"1024\" height=\"1024\" src=\"https:\/\/www.tourisme-volvestre.fr\/wp-content\/uploads\/2025\/03\/Rieux-Volvestre-1024x1024.jpg\" alt=\"\" class=\"wp-image-1479\" srcset=\"https:\/\/www.tourisme-volvestre.fr\/wp-content\/uploads\/2025\/03\/Rieux-Volvestre-1024x1024.jpg 1024w, https:\/\/www.tourisme-volvestre.fr\/wp-content\/uploads\/2025\/03\/Rieux-Volvestre-300x300.jpg 300w, https:\/\/www.tourisme-volvestre.fr\/wp-content\/uploads\/2025\/03\/Rieux-Volvestre-150x150.jpg 150w, https:\/\/www.tourisme-volvestre.fr\/wp-content\/uploads\/2025\/03\/Rieux-Volvestre-768x768.jpg 768w, https:\/\/www.tourisme-volvestre.fr\/wp-content\/uploads\/2025\/03\/Rieux-Volvestre.jpg 1080w\" sizes=\"auto, (max-width: 1024px) 100vw, 1024px\" \/><\/figure>\n<\/div>\n\n\n\n<div class=\"wp-block-column is-layout-flow wp-block-column-is-layout-flow\">\n<figure class=\"wp-block-image size-large\"><img loading=\"lazy\" decoding=\"async\" width=\"1024\" height=\"1024\" src=\"https:\/\/www.tourisme-volvestre.fr\/wp-content\/uploads\/2025\/03\/Saint-Sulpice-sur-Leze-1024x1024.jpg\" alt=\"\" class=\"wp-image-1464\" srcset=\"https:\/\/www.tourisme-volvestre.fr\/wp-content\/uploads\/2025\/03\/Saint-Sulpice-sur-Leze-1024x1024.jpg 1024w, https:\/\/www.tourisme-volvestre.fr\/wp-content\/uploads\/2025\/03\/Saint-Sulpice-sur-Leze-300x300.jpg 300w, https:\/\/www.tourisme-volvestre.fr\/wp-content\/uploads\/2025\/03\/Saint-Sulpice-sur-Leze-150x150.jpg 150w, https:\/\/www.tourisme-volvestre.fr\/wp-content\/uploads\/2025\/03\/Saint-Sulpice-sur-Leze-768x768.jpg 768w, https:\/\/www.tourisme-volvestre.fr\/wp-content\/uploads\/2025\/03\/Saint-Sulpice-sur-Leze.jpg 1080w\" sizes=\"auto, (max-width: 1024px) 100vw, 1024px\" \/><\/figure>\n<\/div>\n<\/div>\n","protected":false},"excerpt":{"rendered":"<p>Descubre el Volvestre de otra manera Un viaje narrativo en 10 podcasts Impulsado por la Oficina de Turismo y la Mancomunidad de municipios del Volvestre, Gabriel Tamalet, narrador, m\u00fasico y actor, se complace en anunciar el lanzamiento de &#8220;Histoire-Histoires&#8230;&#8221;. Les ofrece una serie de diez podcasts que les invitan a explorar el Volvestre desde una [&hellip;]<\/p>\n","protected":false},"author":5,"featured_media":1454,"comment_status":"closed","ping_status":"closed","sticky":false,"template":"","format":"standard","meta":{"_acf_changed":false,"inline_featured_image":false,"footnotes":""},"categories":[109,66],"tags":[],"class_list":["post-8625","post","type-post","status-publish","format-standard","has-post-thumbnail","hentry","category-actualidad","category-patrimonio"],"acf":[],"yoast_head":"<!-- This site is optimized with the Yoast SEO plugin v27.3 - https:\/\/yoast.com\/product\/yoast-seo-wordpress\/ -->\n<title>Podcast \u201cHistoria \u2013 Historias\u201d de Gabriel Tamalet - Volvestre Tourisme<\/title>\n<meta name=\"description\" content=\"Descubra nuestro territorio a trav\u00e9s de los 10 episodios del podcast \u00abHistoire Histoires\u00bb, narrado por Gabriel Tamalet: \u00a1que disfrute del viaje sonoro!\" \/>\n<meta name=\"robots\" content=\"index, follow, max-snippet:-1, max-image-preview:large, max-video-preview:-1\" \/>\n<link rel=\"canonical\" href=\"https:\/\/www.tourisme-volvestre.fr\/es\/podcast-historia-historias-de-gabriel-tamalet\/\" \/>\n<meta property=\"og:locale\" content=\"es_ES\" \/>\n<meta property=\"og:type\" content=\"article\" \/>\n<meta property=\"og:title\" content=\"Podcast \u201cHistoria \u2013 Historias\u201d de Gabriel Tamalet - Volvestre Tourisme\" \/>\n<meta property=\"og:description\" content=\"Descubra nuestro territorio a trav\u00e9s de los 10 episodios del podcast \u00abHistoire Histoires\u00bb, narrado por Gabriel Tamalet: \u00a1que disfrute del viaje sonoro!\" \/>\n<meta property=\"og:url\" content=\"https:\/\/www.tourisme-volvestre.fr\/es\/podcast-historia-historias-de-gabriel-tamalet\/\" \/>\n<meta property=\"og:site_name\" content=\"Volvestre Tourisme\" \/>\n<meta property=\"article:publisher\" content=\"https:\/\/www.facebook.com\/TourismeVolvestre\" \/>\n<meta property=\"article:published_time\" content=\"2025-06-28T15:13:15+00:00\" \/>\n<meta property=\"article:modified_time\" content=\"2025-08-12T13:35:04+00:00\" \/>\n<meta property=\"og:image\" content=\"https:\/\/www.tourisme-volvestre.fr\/wp-content\/uploads\/2025\/03\/Histoire-histoires__5_-_1_-2.jpg\" \/>\n\t<meta property=\"og:image:width\" content=\"1200\" \/>\n\t<meta property=\"og:image:height\" content=\"675\" \/>\n\t<meta property=\"og:image:type\" content=\"image\/jpeg\" \/>\n<meta name=\"author\" content=\"Arthur POUGET TRIEP-CAPDEVILLE\" \/>\n<meta name=\"twitter:card\" content=\"summary_large_image\" \/>\n<meta name=\"twitter:label1\" content=\"Escrito por\" \/>\n\t<meta name=\"twitter:data1\" content=\"Arthur POUGET TRIEP-CAPDEVILLE\" \/>\n\t<meta name=\"twitter:label2\" content=\"Tiempo de lectura\" \/>\n\t<meta name=\"twitter:data2\" content=\"1 minuto\" \/>\n<script type=\"application\/ld+json\" class=\"yoast-schema-graph\">{\"@context\":\"https:\\\/\\\/schema.org\",\"@graph\":[{\"@type\":\"Article\",\"@id\":\"https:\\\/\\\/www.tourisme-volvestre.fr\\\/es\\\/podcast-historia-historias-de-gabriel-tamalet\\\/#article\",\"isPartOf\":{\"@id\":\"https:\\\/\\\/www.tourisme-volvestre.fr\\\/es\\\/podcast-historia-historias-de-gabriel-tamalet\\\/\"},\"author\":{\"name\":\"Arthur POUGET TRIEP-CAPDEVILLE\",\"@id\":\"https:\\\/\\\/www.tourisme-volvestre.fr\\\/es\\\/#\\\/schema\\\/person\\\/173496b7124a9995564c4af288b64c0c\"},\"headline\":\"Podcast \u201cHistoria \u2013 Historias\u201d de Gabriel Tamalet\",\"datePublished\":\"2025-06-28T15:13:15+00:00\",\"dateModified\":\"2025-08-12T13:35:04+00:00\",\"mainEntityOfPage\":{\"@id\":\"https:\\\/\\\/www.tourisme-volvestre.fr\\\/es\\\/podcast-historia-historias-de-gabriel-tamalet\\\/\"},\"wordCount\":200,\"publisher\":{\"@id\":\"https:\\\/\\\/www.tourisme-volvestre.fr\\\/es\\\/#organization\"},\"image\":{\"@id\":\"https:\\\/\\\/www.tourisme-volvestre.fr\\\/es\\\/podcast-historia-historias-de-gabriel-tamalet\\\/#primaryimage\"},\"thumbnailUrl\":\"https:\\\/\\\/www.tourisme-volvestre.fr\\\/wp-content\\\/uploads\\\/2025\\\/03\\\/Histoire-histoires__5_-_1_-2.jpg\",\"articleSection\":[\"Actualidad\",\"Patrimonio\"],\"inLanguage\":\"es\"},{\"@type\":\"WebPage\",\"@id\":\"https:\\\/\\\/www.tourisme-volvestre.fr\\\/es\\\/podcast-historia-historias-de-gabriel-tamalet\\\/\",\"url\":\"https:\\\/\\\/www.tourisme-volvestre.fr\\\/es\\\/podcast-historia-historias-de-gabriel-tamalet\\\/\",\"name\":\"Podcast \u201cHistoria \u2013 Historias\u201d de Gabriel Tamalet - Volvestre Tourisme\",\"isPartOf\":{\"@id\":\"https:\\\/\\\/www.tourisme-volvestre.fr\\\/es\\\/#website\"},\"primaryImageOfPage\":{\"@id\":\"https:\\\/\\\/www.tourisme-volvestre.fr\\\/es\\\/podcast-historia-historias-de-gabriel-tamalet\\\/#primaryimage\"},\"image\":{\"@id\":\"https:\\\/\\\/www.tourisme-volvestre.fr\\\/es\\\/podcast-historia-historias-de-gabriel-tamalet\\\/#primaryimage\"},\"thumbnailUrl\":\"https:\\\/\\\/www.tourisme-volvestre.fr\\\/wp-content\\\/uploads\\\/2025\\\/03\\\/Histoire-histoires__5_-_1_-2.jpg\",\"datePublished\":\"2025-06-28T15:13:15+00:00\",\"dateModified\":\"2025-08-12T13:35:04+00:00\",\"description\":\"Descubra nuestro territorio a trav\u00e9s de los 10 episodios del podcast \u00abHistoire Histoires\u00bb, narrado por Gabriel Tamalet: \u00a1que disfrute del viaje sonoro!\",\"breadcrumb\":{\"@id\":\"https:\\\/\\\/www.tourisme-volvestre.fr\\\/es\\\/podcast-historia-historias-de-gabriel-tamalet\\\/#breadcrumb\"},\"inLanguage\":\"es\",\"potentialAction\":[{\"@type\":\"ReadAction\",\"target\":[\"https:\\\/\\\/www.tourisme-volvestre.fr\\\/es\\\/podcast-historia-historias-de-gabriel-tamalet\\\/\"]}]},{\"@type\":\"ImageObject\",\"inLanguage\":\"es\",\"@id\":\"https:\\\/\\\/www.tourisme-volvestre.fr\\\/es\\\/podcast-historia-historias-de-gabriel-tamalet\\\/#primaryimage\",\"url\":\"https:\\\/\\\/www.tourisme-volvestre.fr\\\/wp-content\\\/uploads\\\/2025\\\/03\\\/Histoire-histoires__5_-_1_-2.jpg\",\"contentUrl\":\"https:\\\/\\\/www.tourisme-volvestre.fr\\\/wp-content\\\/uploads\\\/2025\\\/03\\\/Histoire-histoires__5_-_1_-2.jpg\",\"width\":1200,\"height\":675,\"caption\":\"Gabriel Tamalet et Office de Tourisme Intercommunal du Volvestre\"},{\"@type\":\"BreadcrumbList\",\"@id\":\"https:\\\/\\\/www.tourisme-volvestre.fr\\\/es\\\/podcast-historia-historias-de-gabriel-tamalet\\\/#breadcrumb\",\"itemListElement\":[{\"@type\":\"ListItem\",\"position\":1,\"name\":\"Accueil\",\"item\":\"https:\\\/\\\/www.tourisme-volvestre.fr\\\/es\\\/?lang=es\"},{\"@type\":\"ListItem\",\"position\":2,\"name\":\"Sin categor\u00eda\",\"item\":\"https:\\\/\\\/www.tourisme-volvestre.fr\\\/es\\\/category\\\/sin-categoria\\\/\"},{\"@type\":\"ListItem\",\"position\":3,\"name\":\"Podcast \u201cHistoria \u2013 Historias\u201d de Gabriel Tamalet\"}]},{\"@type\":\"WebSite\",\"@id\":\"https:\\\/\\\/www.tourisme-volvestre.fr\\\/es\\\/#website\",\"url\":\"https:\\\/\\\/www.tourisme-volvestre.fr\\\/es\\\/\",\"name\":\"Volvestre Tourisme\",\"description\":\"\",\"publisher\":{\"@id\":\"https:\\\/\\\/www.tourisme-volvestre.fr\\\/es\\\/#organization\"},\"alternateName\":\"OT Volvestre\",\"potentialAction\":[{\"@type\":\"SearchAction\",\"target\":{\"@type\":\"EntryPoint\",\"urlTemplate\":\"https:\\\/\\\/www.tourisme-volvestre.fr\\\/es\\\/?s={search_term_string}\"},\"query-input\":{\"@type\":\"PropertyValueSpecification\",\"valueRequired\":true,\"valueName\":\"search_term_string\"}}],\"inLanguage\":\"es\"},{\"@type\":\"Organization\",\"@id\":\"https:\\\/\\\/www.tourisme-volvestre.fr\\\/es\\\/#organization\",\"name\":\"Volvestre Tourisme\",\"url\":\"https:\\\/\\\/www.tourisme-volvestre.fr\\\/es\\\/\",\"logo\":{\"@type\":\"ImageObject\",\"inLanguage\":\"es\",\"@id\":\"https:\\\/\\\/www.tourisme-volvestre.fr\\\/es\\\/#\\\/schema\\\/logo\\\/image\\\/\",\"url\":\"https:\\\/\\\/www.tourisme-volvestre.fr\\\/wp-content\\\/uploads\\\/2025\\\/02\\\/logo-site.png\",\"contentUrl\":\"https:\\\/\\\/www.tourisme-volvestre.fr\\\/wp-content\\\/uploads\\\/2025\\\/02\\\/logo-site.png\",\"width\":152,\"height\":152,\"caption\":\"Volvestre Tourisme\"},\"image\":{\"@id\":\"https:\\\/\\\/www.tourisme-volvestre.fr\\\/es\\\/#\\\/schema\\\/logo\\\/image\\\/\"},\"sameAs\":[\"https:\\\/\\\/www.facebook.com\\\/TourismeVolvestre\",\"https:\\\/\\\/www.instagram.com\\\/tourismevolvestre\"]},{\"@type\":\"Person\",\"@id\":\"https:\\\/\\\/www.tourisme-volvestre.fr\\\/es\\\/#\\\/schema\\\/person\\\/173496b7124a9995564c4af288b64c0c\",\"name\":\"Arthur POUGET TRIEP-CAPDEVILLE\",\"image\":{\"@type\":\"ImageObject\",\"inLanguage\":\"es\",\"@id\":\"https:\\\/\\\/secure.gravatar.com\\\/avatar\\\/4fed3b27571b04e509bea737371678fb83645b915b93ab8aeb4a5a4be58f730d?s=96&d=mm&r=g\",\"url\":\"https:\\\/\\\/secure.gravatar.com\\\/avatar\\\/4fed3b27571b04e509bea737371678fb83645b915b93ab8aeb4a5a4be58f730d?s=96&d=mm&r=g\",\"contentUrl\":\"https:\\\/\\\/secure.gravatar.com\\\/avatar\\\/4fed3b27571b04e509bea737371678fb83645b915b93ab8aeb4a5a4be58f730d?s=96&d=mm&r=g\",\"caption\":\"Arthur POUGET TRIEP-CAPDEVILLE\"}}]}<\/script>\n<!-- \/ Yoast SEO plugin. -->","yoast_head_json":{"title":"Podcast \u201cHistoria \u2013 Historias\u201d de Gabriel Tamalet - Volvestre Tourisme","description":"Descubra nuestro territorio a trav\u00e9s de los 10 episodios del podcast \u00abHistoire Histoires\u00bb, narrado por Gabriel Tamalet: \u00a1que disfrute del viaje sonoro!","robots":{"index":"index","follow":"follow","max-snippet":"max-snippet:-1","max-image-preview":"max-image-preview:large","max-video-preview":"max-video-preview:-1"},"canonical":"https:\/\/www.tourisme-volvestre.fr\/es\/podcast-historia-historias-de-gabriel-tamalet\/","og_locale":"es_ES","og_type":"article","og_title":"Podcast \u201cHistoria \u2013 Historias\u201d de Gabriel Tamalet - Volvestre Tourisme","og_description":"Descubra nuestro territorio a trav\u00e9s de los 10 episodios del podcast \u00abHistoire Histoires\u00bb, narrado por Gabriel Tamalet: \u00a1que disfrute del viaje sonoro!","og_url":"https:\/\/www.tourisme-volvestre.fr\/es\/podcast-historia-historias-de-gabriel-tamalet\/","og_site_name":"Volvestre Tourisme","article_publisher":"https:\/\/www.facebook.com\/TourismeVolvestre","article_published_time":"2025-06-28T15:13:15+00:00","article_modified_time":"2025-08-12T13:35:04+00:00","og_image":[{"width":1200,"height":675,"url":"https:\/\/www.tourisme-volvestre.fr\/wp-content\/uploads\/2025\/03\/Histoire-histoires__5_-_1_-2.jpg","type":"image\/jpeg"}],"author":"Arthur POUGET TRIEP-CAPDEVILLE","twitter_card":"summary_large_image","twitter_misc":{"Escrito por":"Arthur POUGET TRIEP-CAPDEVILLE","Tiempo de lectura":"1 minuto"},"schema":{"@context":"https:\/\/schema.org","@graph":[{"@type":"Article","@id":"https:\/\/www.tourisme-volvestre.fr\/es\/podcast-historia-historias-de-gabriel-tamalet\/#article","isPartOf":{"@id":"https:\/\/www.tourisme-volvestre.fr\/es\/podcast-historia-historias-de-gabriel-tamalet\/"},"author":{"name":"Arthur POUGET TRIEP-CAPDEVILLE","@id":"https:\/\/www.tourisme-volvestre.fr\/es\/#\/schema\/person\/173496b7124a9995564c4af288b64c0c"},"headline":"Podcast \u201cHistoria \u2013 Historias\u201d de Gabriel Tamalet","datePublished":"2025-06-28T15:13:15+00:00","dateModified":"2025-08-12T13:35:04+00:00","mainEntityOfPage":{"@id":"https:\/\/www.tourisme-volvestre.fr\/es\/podcast-historia-historias-de-gabriel-tamalet\/"},"wordCount":200,"publisher":{"@id":"https:\/\/www.tourisme-volvestre.fr\/es\/#organization"},"image":{"@id":"https:\/\/www.tourisme-volvestre.fr\/es\/podcast-historia-historias-de-gabriel-tamalet\/#primaryimage"},"thumbnailUrl":"https:\/\/www.tourisme-volvestre.fr\/wp-content\/uploads\/2025\/03\/Histoire-histoires__5_-_1_-2.jpg","articleSection":["Actualidad","Patrimonio"],"inLanguage":"es"},{"@type":"WebPage","@id":"https:\/\/www.tourisme-volvestre.fr\/es\/podcast-historia-historias-de-gabriel-tamalet\/","url":"https:\/\/www.tourisme-volvestre.fr\/es\/podcast-historia-historias-de-gabriel-tamalet\/","name":"Podcast \u201cHistoria \u2013 Historias\u201d de Gabriel Tamalet - Volvestre Tourisme","isPartOf":{"@id":"https:\/\/www.tourisme-volvestre.fr\/es\/#website"},"primaryImageOfPage":{"@id":"https:\/\/www.tourisme-volvestre.fr\/es\/podcast-historia-historias-de-gabriel-tamalet\/#primaryimage"},"image":{"@id":"https:\/\/www.tourisme-volvestre.fr\/es\/podcast-historia-historias-de-gabriel-tamalet\/#primaryimage"},"thumbnailUrl":"https:\/\/www.tourisme-volvestre.fr\/wp-content\/uploads\/2025\/03\/Histoire-histoires__5_-_1_-2.jpg","datePublished":"2025-06-28T15:13:15+00:00","dateModified":"2025-08-12T13:35:04+00:00","description":"Descubra nuestro territorio a trav\u00e9s de los 10 episodios del podcast \u00abHistoire Histoires\u00bb, narrado por Gabriel Tamalet: \u00a1que disfrute del viaje sonoro!","breadcrumb":{"@id":"https:\/\/www.tourisme-volvestre.fr\/es\/podcast-historia-historias-de-gabriel-tamalet\/#breadcrumb"},"inLanguage":"es","potentialAction":[{"@type":"ReadAction","target":["https:\/\/www.tourisme-volvestre.fr\/es\/podcast-historia-historias-de-gabriel-tamalet\/"]}]},{"@type":"ImageObject","inLanguage":"es","@id":"https:\/\/www.tourisme-volvestre.fr\/es\/podcast-historia-historias-de-gabriel-tamalet\/#primaryimage","url":"https:\/\/www.tourisme-volvestre.fr\/wp-content\/uploads\/2025\/03\/Histoire-histoires__5_-_1_-2.jpg","contentUrl":"https:\/\/www.tourisme-volvestre.fr\/wp-content\/uploads\/2025\/03\/Histoire-histoires__5_-_1_-2.jpg","width":1200,"height":675,"caption":"Gabriel Tamalet et Office de Tourisme Intercommunal du Volvestre"},{"@type":"BreadcrumbList","@id":"https:\/\/www.tourisme-volvestre.fr\/es\/podcast-historia-historias-de-gabriel-tamalet\/#breadcrumb","itemListElement":[{"@type":"ListItem","position":1,"name":"Accueil","item":"https:\/\/www.tourisme-volvestre.fr\/es\/?lang=es"},{"@type":"ListItem","position":2,"name":"Sin categor\u00eda","item":"https:\/\/www.tourisme-volvestre.fr\/es\/category\/sin-categoria\/"},{"@type":"ListItem","position":3,"name":"Podcast \u201cHistoria \u2013 Historias\u201d de Gabriel Tamalet"}]},{"@type":"WebSite","@id":"https:\/\/www.tourisme-volvestre.fr\/es\/#website","url":"https:\/\/www.tourisme-volvestre.fr\/es\/","name":"Volvestre Tourisme","description":"","publisher":{"@id":"https:\/\/www.tourisme-volvestre.fr\/es\/#organization"},"alternateName":"OT Volvestre","potentialAction":[{"@type":"SearchAction","target":{"@type":"EntryPoint","urlTemplate":"https:\/\/www.tourisme-volvestre.fr\/es\/?s={search_term_string}"},"query-input":{"@type":"PropertyValueSpecification","valueRequired":true,"valueName":"search_term_string"}}],"inLanguage":"es"},{"@type":"Organization","@id":"https:\/\/www.tourisme-volvestre.fr\/es\/#organization","name":"Volvestre Tourisme","url":"https:\/\/www.tourisme-volvestre.fr\/es\/","logo":{"@type":"ImageObject","inLanguage":"es","@id":"https:\/\/www.tourisme-volvestre.fr\/es\/#\/schema\/logo\/image\/","url":"https:\/\/www.tourisme-volvestre.fr\/wp-content\/uploads\/2025\/02\/logo-site.png","contentUrl":"https:\/\/www.tourisme-volvestre.fr\/wp-content\/uploads\/2025\/02\/logo-site.png","width":152,"height":152,"caption":"Volvestre Tourisme"},"image":{"@id":"https:\/\/www.tourisme-volvestre.fr\/es\/#\/schema\/logo\/image\/"},"sameAs":["https:\/\/www.facebook.com\/TourismeVolvestre","https:\/\/www.instagram.com\/tourismevolvestre"]},{"@type":"Person","@id":"https:\/\/www.tourisme-volvestre.fr\/es\/#\/schema\/person\/173496b7124a9995564c4af288b64c0c","name":"Arthur POUGET TRIEP-CAPDEVILLE","image":{"@type":"ImageObject","inLanguage":"es","@id":"https:\/\/secure.gravatar.com\/avatar\/4fed3b27571b04e509bea737371678fb83645b915b93ab8aeb4a5a4be58f730d?s=96&d=mm&r=g","url":"https:\/\/secure.gravatar.com\/avatar\/4fed3b27571b04e509bea737371678fb83645b915b93ab8aeb4a5a4be58f730d?s=96&d=mm&r=g","contentUrl":"https:\/\/secure.gravatar.com\/avatar\/4fed3b27571b04e509bea737371678fb83645b915b93ab8aeb4a5a4be58f730d?s=96&d=mm&r=g","caption":"Arthur POUGET TRIEP-CAPDEVILLE"}}]}},"_links":{"self":[{"href":"https:\/\/www.tourisme-volvestre.fr\/es\/wp-json\/wp\/v2\/posts\/8625","targetHints":{"allow":["GET"]}}],"collection":[{"href":"https:\/\/www.tourisme-volvestre.fr\/es\/wp-json\/wp\/v2\/posts"}],"about":[{"href":"https:\/\/www.tourisme-volvestre.fr\/es\/wp-json\/wp\/v2\/types\/post"}],"author":[{"embeddable":true,"href":"https:\/\/www.tourisme-volvestre.fr\/es\/wp-json\/wp\/v2\/users\/5"}],"replies":[{"embeddable":true,"href":"https:\/\/www.tourisme-volvestre.fr\/es\/wp-json\/wp\/v2\/comments?post=8625"}],"version-history":[{"count":1,"href":"https:\/\/www.tourisme-volvestre.fr\/es\/wp-json\/wp\/v2\/posts\/8625\/revisions"}],"predecessor-version":[{"id":8626,"href":"https:\/\/www.tourisme-volvestre.fr\/es\/wp-json\/wp\/v2\/posts\/8625\/revisions\/8626"}],"wp:featuredmedia":[{"embeddable":true,"href":"https:\/\/www.tourisme-volvestre.fr\/es\/wp-json\/wp\/v2\/media\/1454"}],"wp:attachment":[{"href":"https:\/\/www.tourisme-volvestre.fr\/es\/wp-json\/wp\/v2\/media?parent=8625"}],"wp:term":[{"taxonomy":"category","embeddable":true,"href":"https:\/\/www.tourisme-volvestre.fr\/es\/wp-json\/wp\/v2\/categories?post=8625"},{"taxonomy":"post_tag","embeddable":true,"href":"https:\/\/www.tourisme-volvestre.fr\/es\/wp-json\/wp\/v2\/tags?post=8625"}],"curies":[{"name":"wp","href":"https:\/\/api.w.org\/{rel}","templated":true}]}}